{"id":13714,"date":"2025-03-04T13:29:06","date_gmt":"2025-03-04T12:29:06","guid":{"rendered":"https:\/\/entretormentas.com\/?p=13714"},"modified":"2025-03-04T13:29:07","modified_gmt":"2025-03-04T12:29:07","slug":"fiesta-a-lo-grande-alegria-disfraces-y-comparsas-en-el-desfile-de-carnaval-en-la-av-5-de-julio","status":"publish","type":"post","link":"https:\/\/entretormentas.com\/fiesta-a-lo-grande-alegria-disfraces-y-comparsas-en-el-desfile-de-carnaval-en-la-av-5-de-julio\/","title":{"rendered":"\u00a1FIESTA A LO GRANDE! Alegr\u00eda, disfraces y comparsas en el desfile de Carnaval en la Av. 5 de Julio"},"content":{"rendered":"\n<p><strong>ENTRE TORMENTAS. <\/strong>La ciudad de Maracaibo se convirti\u00f3 en el epicentro de la diversi\u00f3n y el j\u00fabilo con el Gran Desfile de Carnaval 2025, celebrado en la av. 5 de julio, donde participaron m\u00e1s de siete mil 500 participantes entre comparsas, carrozas, bandas show, y agrupaciones art\u00edsticas de toda la regi\u00f3n que cautivaron al pueblo zuliano durante el inicio de la fiesta carnestolenda.<\/p>\n\n\n\n<figure class=\"wp-block-image size-large\"><img fetchpriority=\"high\" decoding=\"async\" width=\"1024\" height=\"684\" src=\"https:\/\/entretormentas.com\/wp-content\/uploads\/2025\/03\/image-26-1024x684.png\" alt=\"\" class=\"wp-image-13717\" srcset=\"https:\/\/entretormentas.com\/wp-content\/uploads\/2025\/03\/image-26-1024x684.png 1024w, https:\/\/entretormentas.com\/wp-content\/uploads\/2025\/03\/image-26-300x200.png 300w, https:\/\/entretormentas.com\/wp-content\/uploads\/2025\/03\/image-26-768x513.png 768w, https:\/\/entretormentas.com\/wp-content\/uploads\/2025\/03\/image-26.png 1104w\" sizes=\"(max-width: 1024px) 100vw, 1024px\" \/><\/figure>\n\n\n\n<p>La gobernaci\u00f3n del Zulia y la Alcald\u00eda de Maracaibo trabajaron de forma conjunta con instituciones educativas p\u00fablicas y privadas, donde las comparsas conformadas por ni\u00f1os, adolescentes j\u00f3venes, lucieron sus mejores trajes de fantas\u00edas, disfraces individuales, comparsas y carrozas, resaltando la cultura, tradiciones y turismo de nuestra regi\u00f3n.<\/p>\n\n\n\n<figure class=\"wp-block-image size-full\"><img decoding=\"async\" width=\"869\" height=\"609\" src=\"https:\/\/entretormentas.com\/wp-content\/uploads\/2025\/03\/image-29.png\" alt=\"\" class=\"wp-image-13720\" srcset=\"https:\/\/entretormentas.com\/wp-content\/uploads\/2025\/03\/image-29.png 869w, https:\/\/entretormentas.com\/wp-content\/uploads\/2025\/03\/image-29-300x210.png 300w, https:\/\/entretormentas.com\/wp-content\/uploads\/2025\/03\/image-29-768x538.png 768w\" sizes=\"(max-width: 869px) 100vw, 869px\" \/><\/figure>\n\n\n\n<p>El gobernador del Zulia, Manuel Rosales, en compa\u00f1\u00eda de varios alcaldes, entre ellos el de Maracaibo, Adri\u00e1n Romero, y el de San Francisco, Gustavo Fern\u00e1ndez, dio la se\u00f1al de inicio del espect\u00e1culo.<\/p>\n\n\n\n<figure class=\"wp-block-image size-full\"><img decoding=\"async\" width=\"701\" height=\"391\" src=\"https:\/\/entretormentas.com\/wp-content\/uploads\/2025\/03\/image-28.png\" alt=\"\" class=\"wp-image-13719\" srcset=\"https:\/\/entretormentas.com\/wp-content\/uploads\/2025\/03\/image-28.png 701w, https:\/\/entretormentas.com\/wp-content\/uploads\/2025\/03\/image-28-300x167.png 300w\" sizes=\"(max-width: 701px) 100vw, 701px\" \/><\/figure>\n\n\n\n<p>La tarima central estaba ubicada frente al Centro Comercial Olimpico, en la avenida principal, escenario del esperado \u201cGran Desfile Carnaval Zulia 2025\u201d, que en esta oportunidad fue todo un programa de color y alegr\u00eda.<\/p>\n\n\n\n<figure class=\"wp-block-image size-full\"><img loading=\"lazy\" decoding=\"async\" width=\"611\" height=\"440\" src=\"https:\/\/entretormentas.com\/wp-content\/uploads\/2025\/03\/image-27.png\" alt=\"\" class=\"wp-image-13718\" srcset=\"https:\/\/entretormentas.com\/wp-content\/uploads\/2025\/03\/image-27.png 611w, https:\/\/entretormentas.com\/wp-content\/uploads\/2025\/03\/image-27-300x216.png 300w\" sizes=\"(max-width: 611px) 100vw, 611px\" \/><\/figure>\n\n\n\n<p>Miles de espectadores se congregaron a lo largo de la avenida para presenciar del espect\u00e1culo cultural, donde la creatividad de las presentaciones, capturaron la esencia del carnaval, mostrando la riqueza cultural y el esp\u00edritu vibrante del Zulia.<\/p>\n\n\n\n<figure class=\"wp-block-image size-large\"><img loading=\"lazy\" decoding=\"async\" width=\"1024\" height=\"682\" src=\"https:\/\/entretormentas.com\/wp-content\/uploads\/2025\/03\/image-25-1024x682.png\" alt=\"\" class=\"wp-image-13716\" srcset=\"https:\/\/entretormentas.com\/wp-content\/uploads\/2025\/03\/image-25-1024x682.png 1024w, https:\/\/entretormentas.com\/wp-content\/uploads\/2025\/03\/image-25-300x200.png 300w, https:\/\/entretormentas.com\/wp-content\/uploads\/2025\/03\/image-25-768x511.png 768w, https:\/\/entretormentas.com\/wp-content\/uploads\/2025\/03\/image-25.png 1280w\" sizes=\"(max-width: 1024px) 100vw, 1024px\" \/><\/figure>\n\n\n\n<p>Los asistentes se mostraron complacidos por la calidad y organizaci\u00f3n del evento encabezado por el gobernador Manuel Rosales Guerrero, y la Presidenta de Corzutur, Gladys Socorro, quienes estuvieron al frente de la organizaci\u00f3n. El desfile se extendi\u00f3 pasadas las nueve de la noche y cerr\u00f3 con un espect\u00e1culo de fuegos artificiales.<br><strong><em>ET \/ NAD<\/em><\/strong><\/p>\n","protected":false},"excerpt":{"rendered":"<p>ENTRE TORMENTAS. La ciudad de Maracaibo se convirti\u00f3 en el epicentro de la diversi\u00f3n y&#8230;<\/p>\n","protected":false},"author":2,"featured_media":13715,"comment_status":"closed","ping_status":"open","sticky":false,"template":"","format":"standard","meta":{"footnotes":""},"categories":[57,1],"tags":[],"class_list":["post-13714","post","type-post","status-publish","format-standard","has-post-thumbnail","hentry","category-actualidad","category-regionales"],"_links":{"self":[{"href":"https:\/\/entretormentas.com\/index.php?rest_route=\/wp\/v2\/posts\/13714","targetHints":{"allow":["GET"]}}],"collection":[{"href":"https:\/\/entretormentas.com\/index.php?rest_route=\/wp\/v2\/posts"}],"about":[{"href":"https:\/\/entretormentas.com\/index.php?rest_route=\/wp\/v2\/types\/post"}],"author":[{"embeddable":true,"href":"https:\/\/entretormentas.com\/index.php?rest_route=\/wp\/v2\/users\/2"}],"replies":[{"embeddable":true,"href":"https:\/\/entretormentas.com\/index.php?rest_route=%2Fwp%2Fv2%2Fcomments&post=13714"}],"version-history":[{"count":1,"href":"https:\/\/entretormentas.com\/index.php?rest_route=\/wp\/v2\/posts\/13714\/revisions"}],"predecessor-version":[{"id":13721,"href":"https:\/\/entretormentas.com\/index.php?rest_route=\/wp\/v2\/posts\/13714\/revisions\/13721"}],"wp:featuredmedia":[{"embeddable":true,"href":"https:\/\/entretormentas.com\/index.php?rest_route=\/wp\/v2\/media\/13715"}],"wp:attachment":[{"href":"https:\/\/entretormentas.com\/index.php?rest_route=%2Fwp%2Fv2%2Fmedia&parent=13714"}],"wp:term":[{"taxonomy":"category","embeddable":true,"href":"https:\/\/entretormentas.com\/index.php?rest_route=%2Fwp%2Fv2%2Fcategories&post=13714"},{"taxonomy":"post_tag","embeddable":true,"href":"https:\/\/entretormentas.com\/index.php?rest_route=%2Fwp%2Fv2%2Ftags&post=13714"}],"curies":[{"name":"wp","href":"https:\/\/api.w.org\/{rel}","templated":true}]}}