{"id":13726,"date":"2025-03-04T13:34:53","date_gmt":"2025-03-04T12:34:53","guid":{"rendered":"https:\/\/entretormentas.com\/?p=13726"},"modified":"2025-03-04T13:34:54","modified_gmt":"2025-03-04T12:34:54","slug":"este-martes-alcaldia-de-maracaibo-cierra-el-carnaval-con-festival-de-comparsas-en-la-curva-de-molina","status":"publish","type":"post","link":"https:\/\/entretormentas.com\/este-martes-alcaldia-de-maracaibo-cierra-el-carnaval-con-festival-de-comparsas-en-la-curva-de-molina\/","title":{"rendered":"\u00a1ESTE MARTES! Alcald\u00eda de Maracaibo cierra el Carnaval con festival de comparsas en la Curva de Molina"},"content":{"rendered":"\n<p><strong>ENTRE TORMENTAS. <\/strong>La Alcald\u00eda de Maracaibo, a trav\u00e9s de la Direcci\u00f3n de Eventos, realizar\u00e1 el pr\u00f3ximo 4 de marzo un festival de comparsas con 120 artistas en escena en la plaza Maracaibo de la Curva de Molina, parroquia Ra\u00fal Leoni.<\/p>\n\n\n\n<p>El evento iniciar\u00e1 el martes a las 6:00 de la tarde y cierra la lista de actividades que la municipalidad ide\u00f3 para el disfrute de la familia marabina en estas fiestas.<\/p>\n\n\n\n<p>Jimmy Oviedo, director de Eventos, detall\u00f3 que la plaza se vestir\u00e1 de fiesta con el despliegue de entre cinco y seis comparsas que estar\u00e1n en escena entre tres y cuatro minutos para mostrarle a jurado calificador cu\u00e1l se ganar\u00e1 el primer lugar.<\/p>\n\n\n\n<p>El jurado que calificar\u00e1 el trabajo de las comparsas lo encabezar\u00e1 Malena Soto, directora de Cultura; Benito V\u00edlchez, director de la Compa\u00f1\u00eda Municipal de Danzas; adem\u00e1s estar\u00e1 un invitado sorpresa y de gran envergadura.<\/p>\n\n\n\n<p>La animaci\u00f3n estar\u00e1 a cargo de Guillermo Torres y el show especial para los peque\u00f1os de la casa lo realizar\u00e1 Events Moon, tambi\u00e9n se subir\u00e1 a tarima el grupo Parranda Bacana y el cierre estar\u00e1 lleno de sorpresas.<\/p>\n\n\n\n<p>\u201cEs un placer invitar a las familias a que asistan a este evento donde se expondr\u00e1 el talento de las comparsas participantes que vendr\u00e1n de distintas parroquias de Maracaibo\u201d, indic\u00f3 Oviedo.<br><strong><em>ET \/ DCI Alcald\u00eda de Maracaibo<\/em><\/strong><\/p>\n","protected":false},"excerpt":{"rendered":"<p>ENTRE TORMENTAS. La Alcald\u00eda de Maracaibo, a trav\u00e9s de la Direcci\u00f3n de Eventos, realizar\u00e1 el&#8230;<\/p>\n","protected":false},"author":2,"featured_media":13727,"comment_status":"closed","ping_status":"open","sticky":false,"template":"","format":"standard","meta":{"footnotes":""},"categories":[57,1],"tags":[],"class_list":["post-13726","post","type-post","status-publish","format-standard","has-post-thumbnail","hentry","category-actualidad","category-regionales"],"_links":{"self":[{"href":"https:\/\/entretormentas.com\/index.php?rest_route=\/wp\/v2\/posts\/13726","targetHints":{"allow":["GET"]}}],"collection":[{"href":"https:\/\/entretormentas.com\/index.php?rest_route=\/wp\/v2\/posts"}],"about":[{"href":"https:\/\/entretormentas.com\/index.php?rest_route=\/wp\/v2\/types\/post"}],"author":[{"embeddable":true,"href":"https:\/\/entretormentas.com\/index.php?rest_route=\/wp\/v2\/users\/2"}],"replies":[{"embeddable":true,"href":"https:\/\/entretormentas.com\/index.php?rest_route=%2Fwp%2Fv2%2Fcomments&post=13726"}],"version-history":[{"count":1,"href":"https:\/\/entretormentas.com\/index.php?rest_route=\/wp\/v2\/posts\/13726\/revisions"}],"predecessor-version":[{"id":13728,"href":"https:\/\/entretormentas.com\/index.php?rest_route=\/wp\/v2\/posts\/13726\/revisions\/13728"}],"wp:featuredmedia":[{"embeddable":true,"href":"https:\/\/entretormentas.com\/index.php?rest_route=\/wp\/v2\/media\/13727"}],"wp:attachment":[{"href":"https:\/\/entretormentas.com\/index.php?rest_route=%2Fwp%2Fv2%2Fmedia&parent=13726"}],"wp:term":[{"taxonomy":"category","embeddable":true,"href":"https:\/\/entretormentas.com\/index.php?rest_route=%2Fwp%2Fv2%2Fcategories&post=13726"},{"taxonomy":"post_tag","embeddable":true,"href":"https:\/\/entretormentas.com\/index.php?rest_route=%2Fwp%2Fv2%2Ftags&post=13726"}],"curies":[{"name":"wp","href":"https:\/\/api.w.org\/{rel}","templated":true}]}}