{"id":13747,"date":"2025-03-04T14:12:14","date_gmt":"2025-03-04T13:12:14","guid":{"rendered":"https:\/\/entretormentas.com\/?p=13747"},"modified":"2025-03-04T14:12:14","modified_gmt":"2025-03-04T13:12:14","slug":"respuesta-venezuela-acusa-a-guyana-de-mentir-en-su-denuncia-sobre-violacion-de-territorio-maritimo","status":"publish","type":"post","link":"https:\/\/entretormentas.com\/respuesta-venezuela-acusa-a-guyana-de-mentir-en-su-denuncia-sobre-violacion-de-territorio-maritimo\/","title":{"rendered":"\u00a1RESPUESTA! Venezuela acusa a Guyana de mentir en su denuncia sobre violaci\u00f3n de territorio mar\u00edtimo"},"content":{"rendered":"\n<p><strong>ENTRE TORMENTAS. <\/strong>El Gobierno venezolano acus\u00f3 este s\u00e1bado a Guyana de mentir al denunciar la violaci\u00f3n del espacio mar\u00edtimo guyan\u00e9s por parte de buques venezolanos y anunci\u00f3 que solicitar\u00e1 de \u00abmanera inmediata\u00bb la convocatoria del mecanismo de Argyle como \u00abespacio para la resoluci\u00f3n pac\u00edfica de la controversia\u00bb.<\/p>\n\n\n\n<p>\u00abVenezuela repudia categ\u00f3ricamente las declaraciones infundadas del presidente de la Rep\u00fablica Cooperativa de Guyana, Irfaan Ali, quien miente descaradamente al afirmar que unidades de la Armada Bolivariana de Venezuela est\u00e1n violando el territorio mar\u00edtimo de Guyana\u00bb, afirm\u00f3 la Administraci\u00f3n del presidente Nicol\u00e1s Maduro a trav\u00e9s de un comunicado.<\/p>\n\n\n\n<p>A juicio de Venezuela, Ali oculta que esas aguas \u00abno forman parte del territorio guyan\u00e9s\u00bb, ya que se trata -agreg\u00f3- de \u00abuna zona mar\u00edtima pendiente de delimitaci\u00f3n conforme al derecho internacional\u00bb, en referencia a la disputa entre ambos pa\u00edses sobre el Esequibo, una regi\u00f3n de casi 160 mil kil\u00f3metros cuadrados, rica en petr\u00f3leo y minerales, detalla Uni\u00f3n Radio.<\/p>\n\n\n\n<p>\u00abEsta nueva provocaci\u00f3n procura escalar y perturbar a nuestra regi\u00f3n como zona de paz, y responde a intereses guerreristas de la ExxonMobil, con el respaldo p\u00fablico de figuras pat\u00e9ticas como Luis Almagro e Iv\u00e1n Duque\u00bb, manifest\u00f3, al referirse al secretario general de la Organizaci\u00f3n de Estados Americanos (OEA) y al expresidente de Colombia, respectivamente.<br><strong><em>ET \/ Agencias<\/em><\/strong><\/p>\n\n\n\n<p><\/p>\n","protected":false},"excerpt":{"rendered":"<p>ENTRE TORMENTAS. El Gobierno venezolano acus\u00f3 este s\u00e1bado a Guyana de mentir al denunciar la&#8230;<\/p>\n","protected":false},"author":2,"featured_media":13748,"comment_status":"closed","ping_status":"open","sticky":false,"template":"","format":"standard","meta":{"footnotes":""},"categories":[56,49],"tags":[],"class_list":["post-13747","post","type-post","status-publish","format-standard","has-post-thumbnail","hentry","category-destacadas","category-nacionales"],"_links":{"self":[{"href":"https:\/\/entretormentas.com\/index.php?rest_route=\/wp\/v2\/posts\/13747","targetHints":{"allow":["GET"]}}],"collection":[{"href":"https:\/\/entretormentas.com\/index.php?rest_route=\/wp\/v2\/posts"}],"about":[{"href":"https:\/\/entretormentas.com\/index.php?rest_route=\/wp\/v2\/types\/post"}],"author":[{"embeddable":true,"href":"https:\/\/entretormentas.com\/index.php?rest_route=\/wp\/v2\/users\/2"}],"replies":[{"embeddable":true,"href":"https:\/\/entretormentas.com\/index.php?rest_route=%2Fwp%2Fv2%2Fcomments&post=13747"}],"version-history":[{"count":1,"href":"https:\/\/entretormentas.com\/index.php?rest_route=\/wp\/v2\/posts\/13747\/revisions"}],"predecessor-version":[{"id":13749,"href":"https:\/\/entretormentas.com\/index.php?rest_route=\/wp\/v2\/posts\/13747\/revisions\/13749"}],"wp:featuredmedia":[{"embeddable":true,"href":"https:\/\/entretormentas.com\/index.php?rest_route=\/wp\/v2\/media\/13748"}],"wp:attachment":[{"href":"https:\/\/entretormentas.com\/index.php?rest_route=%2Fwp%2Fv2%2Fmedia&parent=13747"}],"wp:term":[{"taxonomy":"category","embeddable":true,"href":"https:\/\/entretormentas.com\/index.php?rest_route=%2Fwp%2Fv2%2Fcategories&post=13747"},{"taxonomy":"post_tag","embeddable":true,"href":"https:\/\/entretormentas.com\/index.php?rest_route=%2Fwp%2Fv2%2Ftags&post=13747"}],"curies":[{"name":"wp","href":"https:\/\/api.w.org\/{rel}","templated":true}]}}