{"id":13763,"date":"2025-03-04T14:25:21","date_gmt":"2025-03-04T13:25:21","guid":{"rendered":"https:\/\/entretormentas.com\/?p=13763"},"modified":"2025-03-04T14:25:22","modified_gmt":"2025-03-04T13:25:22","slug":"con-mas-de-8-mil-participantes-color-y-alegria-brillan-en-el-gran-desfile-carnavales-viva-venezuela-en-maracaibo","status":"publish","type":"post","link":"https:\/\/entretormentas.com\/con-mas-de-8-mil-participantes-color-y-alegria-brillan-en-el-gran-desfile-carnavales-viva-venezuela-en-maracaibo\/","title":{"rendered":"\u00a1CON M\u00c1S DE 8 MIL PARTICIPANTES! Color y alegr\u00eda brillan en el Gran Desfile Carnavales Viva Venezuela en Maracaibo"},"content":{"rendered":"\n<p><strong>ENTRE TORMENTAS.<\/strong> Las calles de la ciudad de Maracaibo se vistieron de fiesta para disfrutar del Gran Desfile Carnavales Viva Venezuela 2025, en el que participaron m\u00e1s de ocho mil de ni\u00f1os, ni\u00f1as y j\u00f3venes en carrozas, comparsas y bandas marchantes con las que dieron a conocer su sentir regionalista.<\/p>\n\n\n\n<figure class=\"wp-block-image size-large\"><img fetchpriority=\"high\" decoding=\"async\" width=\"1024\" height=\"682\" src=\"https:\/\/entretormentas.com\/wp-content\/uploads\/2025\/03\/image-49-1024x682.png\" alt=\"\" class=\"wp-image-13765\" srcset=\"https:\/\/entretormentas.com\/wp-content\/uploads\/2025\/03\/image-49-1024x682.png 1024w, https:\/\/entretormentas.com\/wp-content\/uploads\/2025\/03\/image-49-300x200.png 300w, https:\/\/entretormentas.com\/wp-content\/uploads\/2025\/03\/image-49-768x511.png 768w, https:\/\/entretormentas.com\/wp-content\/uploads\/2025\/03\/image-49.png 1080w\" sizes=\"(max-width: 1024px) 100vw, 1024px\" \/><\/figure>\n\n\n\n<p>As\u00ed lo indic\u00f3 el presidente de la Corporaci\u00f3n de la Regi\u00f3n Zuliana (Corpozulia), G\/J N\u00e9stor Reverol, quien destac\u00f3 que este evento lo promovieron junto a 37 instituciones del Gobierno nacional y empresas privadas.<\/p>\n\n\n\n<p>\u00abLo hicimos para rescatar este tipo de actividades de Carnavales que nos permite disfrutar y dar a conocer nuestras tradiciones zulianas a las personas que nos visitan de otros estados del pa\u00eds\u00bb, indic\u00f3 Reverol.<\/p>\n\n\n\n<figure class=\"wp-block-image size-large\"><img decoding=\"async\" width=\"1024\" height=\"682\" src=\"https:\/\/entretormentas.com\/wp-content\/uploads\/2025\/03\/image-48-1024x682.png\" alt=\"\" class=\"wp-image-13764\" srcset=\"https:\/\/entretormentas.com\/wp-content\/uploads\/2025\/03\/image-48-1024x682.png 1024w, https:\/\/entretormentas.com\/wp-content\/uploads\/2025\/03\/image-48-300x200.png 300w, https:\/\/entretormentas.com\/wp-content\/uploads\/2025\/03\/image-48-768x511.png 768w, https:\/\/entretormentas.com\/wp-content\/uploads\/2025\/03\/image-48.png 1080w\" sizes=\"(max-width: 1024px) 100vw, 1024px\" \/><\/figure>\n\n\n\n<p>Detall\u00f3 que 24 carrozas exhibieron en sus composiciones las maravillas naturales, culturales, desarrollo productivo, cient\u00edfico y riquezas del estado, acompa\u00f1ados de 26 comparsas integradas por escuelas, comunidades y trabajadores, y 24 bandas marchantes, que demostraron su experiencia musical y coreogr\u00e1fica.<\/p>\n\n\n\n<p>\u00abLos verdaderos protagonistas de esta actividad fueron los ni\u00f1os, ni\u00f1as y j\u00f3venes que con constancia y esfuerzo ofrecieron un gran show, destacando la originalidad y creatividad en sus presentaciones\u00bb, explic\u00f3.<\/p>\n\n\n\n<figure class=\"wp-block-image size-large\"><img decoding=\"async\" width=\"1024\" height=\"682\" src=\"https:\/\/entretormentas.com\/wp-content\/uploads\/2025\/03\/image-51-1024x682.png\" alt=\"\" class=\"wp-image-13767\" srcset=\"https:\/\/entretormentas.com\/wp-content\/uploads\/2025\/03\/image-51-1024x682.png 1024w, https:\/\/entretormentas.com\/wp-content\/uploads\/2025\/03\/image-51-300x200.png 300w, https:\/\/entretormentas.com\/wp-content\/uploads\/2025\/03\/image-51-768x511.png 768w, https:\/\/entretormentas.com\/wp-content\/uploads\/2025\/03\/image-51.png 1080w\" sizes=\"(max-width: 1024px) 100vw, 1024px\" \/><\/figure>\n\n\n\n<p>El desfile inici\u00f3 en la avenida Dr. Portillo y culmin\u00f3 en el Parque G\/J Rafael Urdaneta con un Gran Concierto que ofrecieron Homero, Enio y Jos\u00e9 Ignacio, y Junior D\u00edaz.<\/p>\n\n\n\n<p>Durante sus declaraciones, Reverol reiter\u00f3 que para garantizar el bienestar de los ciudadanos en estos d\u00edas de asueto de Carnavales, se activ\u00f3 un despliegue de seguridad con la participaci\u00f3n de cinco mil 500 efectivos de la Fuerza Armada Nacional Bolivariana (Fanb), Polic\u00eda Nacional Bolivariana (PNB), Protecci\u00f3n Civil, entre otros.<\/p>\n\n\n\n<p>\u00abUn despliegue que se mantendr\u00e1 durante todo el asueto, en el que hemos organizado una programaci\u00f3n cultural y recreativa para nuestros ciudadanos locales y visitantes\u00bb, expres\u00f3 Reverol.<br><strong><em>ET \/ Nota de Prensa<\/em><\/strong><\/p>\n\n\n\n<p><\/p>\n","protected":false},"excerpt":{"rendered":"<p>ENTRE TORMENTAS. Las calles de la ciudad de Maracaibo se vistieron de fiesta para disfrutar&#8230;<\/p>\n","protected":false},"author":2,"featured_media":13766,"comment_status":"closed","ping_status":"open","sticky":false,"template":"","format":"standard","meta":{"footnotes":""},"categories":[1],"tags":[],"class_list":["post-13763","post","type-post","status-publish","format-standard","has-post-thumbnail","hentry","category-regionales"],"_links":{"self":[{"href":"https:\/\/entretormentas.com\/index.php?rest_route=\/wp\/v2\/posts\/13763","targetHints":{"allow":["GET"]}}],"collection":[{"href":"https:\/\/entretormentas.com\/index.php?rest_route=\/wp\/v2\/posts"}],"about":[{"href":"https:\/\/entretormentas.com\/index.php?rest_route=\/wp\/v2\/types\/post"}],"author":[{"embeddable":true,"href":"https:\/\/entretormentas.com\/index.php?rest_route=\/wp\/v2\/users\/2"}],"replies":[{"embeddable":true,"href":"https:\/\/entretormentas.com\/index.php?rest_route=%2Fwp%2Fv2%2Fcomments&post=13763"}],"version-history":[{"count":1,"href":"https:\/\/entretormentas.com\/index.php?rest_route=\/wp\/v2\/posts\/13763\/revisions"}],"predecessor-version":[{"id":13768,"href":"https:\/\/entretormentas.com\/index.php?rest_route=\/wp\/v2\/posts\/13763\/revisions\/13768"}],"wp:featuredmedia":[{"embeddable":true,"href":"https:\/\/entretormentas.com\/index.php?rest_route=\/wp\/v2\/media\/13766"}],"wp:attachment":[{"href":"https:\/\/entretormentas.com\/index.php?rest_route=%2Fwp%2Fv2%2Fmedia&parent=13763"}],"wp:term":[{"taxonomy":"category","embeddable":true,"href":"https:\/\/entretormentas.com\/index.php?rest_route=%2Fwp%2Fv2%2Fcategories&post=13763"},{"taxonomy":"post_tag","embeddable":true,"href":"https:\/\/entretormentas.com\/index.php?rest_route=%2Fwp%2Fv2%2Ftags&post=13763"}],"curies":[{"name":"wp","href":"https:\/\/api.w.org\/{rel}","templated":true}]}}