{"id":13769,"date":"2025-03-05T09:33:24","date_gmt":"2025-03-05T08:33:24","guid":{"rendered":"https:\/\/entretormentas.com\/?p=13769"},"modified":"2025-03-05T09:33:24","modified_gmt":"2025-03-05T08:33:24","slug":"en-tiempo-record-alcaldia-de-san-francisco-repara-canal-de-descarga-de-aguas-pluviales-en-el-soler","status":"publish","type":"post","link":"https:\/\/entretormentas.com\/en-tiempo-record-alcaldia-de-san-francisco-repara-canal-de-descarga-de-aguas-pluviales-en-el-soler\/","title":{"rendered":"\u00a1EN TIEMPO R\u00c9CORD! Alcald\u00eda de San Francisco repara canal de descarga de aguas pluviales en El Soler"},"content":{"rendered":"\n<p><strong>ENTRE TORMENTAS.<\/strong> Como parte del plan de recuperaci\u00f3n y modernizaci\u00f3n vial para este 2025, el alcalde Gustavo Fern\u00e1ndez, a trav\u00e9s de las gerencias de operaciones e infraestructura, viene realizando trabajos de mejoramiento en las calles y avenidas del municipio.<\/p>\n\n\n\n<p>Motivo por el cual destin\u00f3 esfuerzos de inmediato en la reparaci\u00f3n del canal de descargas de aguas pluviales en la calle 206, entre los lotes 8 y 11, de la urbanizaci\u00f3n El Soler, beneficiando a un gran n\u00famero de familias, que hacen vida en la parroquia Jos\u00e9 Domingo Rus.<\/p>\n\n\n\n<p>El alcalde Gustavo Fern\u00e1ndez precis\u00f3 que los equipos t\u00e9cnicos y operativos del ayuntamiento municipal, se encuentran desplegados en esta importante zona redidencial, realizando las reparaciones necesarias para iniciar pr\u00f3ximamente los trabajos de asfaltado y darle un nuevo rostro al Soler.<\/p>\n\n\n\n<figure class=\"wp-block-image size-large\"><img fetchpriority=\"high\" decoding=\"async\" width=\"1024\" height=\"768\" src=\"https:\/\/entretormentas.com\/wp-content\/uploads\/2025\/03\/image-52-1024x768.png\" alt=\"\" class=\"wp-image-13770\" srcset=\"https:\/\/entretormentas.com\/wp-content\/uploads\/2025\/03\/image-52-1024x768.png 1024w, https:\/\/entretormentas.com\/wp-content\/uploads\/2025\/03\/image-52-300x225.png 300w, https:\/\/entretormentas.com\/wp-content\/uploads\/2025\/03\/image-52-768x576.png 768w, https:\/\/entretormentas.com\/wp-content\/uploads\/2025\/03\/image-52.png 1280w\" sizes=\"(max-width: 1024px) 100vw, 1024px\" \/><\/figure>\n\n\n\n<p>Jos\u00e9 Luis Ram\u00edrez, gerente de infraestructura inform\u00f3 que las labores comprendieron demolici\u00f3n de concreto afectado, limpieza de canal, mantenimiento anticorrosivo al acero de refuerzo, suplemento de acero de refuerzo adicionales, encofrado y vaciado de concreto de resistencia 250.<\/p>\n\n\n\n<p>Agreg\u00f3 Ram\u00edrez que con esta adecuaci\u00f3n se beneficia no s\u00f3lo la comunidad en general sino tambi\u00e9n a transportistas del sector p\u00fablico y privado. Los vecinos expresaron su gratitud y satisfacci\u00f3n por la rapidez con la que se llev\u00f3 a cabo esta intervenci\u00f3n que permitir\u00e1 nuevamente la transitabilidad y el correcto flujo de las aguas de lluvia, evitando desbordamientos y afectaciones.<br><strong><em>ET \/ Alcald\u00eda de San Francisco<\/em><\/strong><\/p>\n","protected":false},"excerpt":{"rendered":"<p>ENTRE TORMENTAS. Como parte del plan de recuperaci\u00f3n y modernizaci\u00f3n vial para este 2025, el&#8230;<\/p>\n","protected":false},"author":2,"featured_media":13771,"comment_status":"closed","ping_status":"open","sticky":false,"template":"","format":"standard","meta":{"footnotes":""},"categories":[57,1],"tags":[],"class_list":["post-13769","post","type-post","status-publish","format-standard","has-post-thumbnail","hentry","category-actualidad","category-regionales"],"_links":{"self":[{"href":"https:\/\/entretormentas.com\/index.php?rest_route=\/wp\/v2\/posts\/13769","targetHints":{"allow":["GET"]}}],"collection":[{"href":"https:\/\/entretormentas.com\/index.php?rest_route=\/wp\/v2\/posts"}],"about":[{"href":"https:\/\/entretormentas.com\/index.php?rest_route=\/wp\/v2\/types\/post"}],"author":[{"embeddable":true,"href":"https:\/\/entretormentas.com\/index.php?rest_route=\/wp\/v2\/users\/2"}],"replies":[{"embeddable":true,"href":"https:\/\/entretormentas.com\/index.php?rest_route=%2Fwp%2Fv2%2Fcomments&post=13769"}],"version-history":[{"count":1,"href":"https:\/\/entretormentas.com\/index.php?rest_route=\/wp\/v2\/posts\/13769\/revisions"}],"predecessor-version":[{"id":13772,"href":"https:\/\/entretormentas.com\/index.php?rest_route=\/wp\/v2\/posts\/13769\/revisions\/13772"}],"wp:featuredmedia":[{"embeddable":true,"href":"https:\/\/entretormentas.com\/index.php?rest_route=\/wp\/v2\/media\/13771"}],"wp:attachment":[{"href":"https:\/\/entretormentas.com\/index.php?rest_route=%2Fwp%2Fv2%2Fmedia&parent=13769"}],"wp:term":[{"taxonomy":"category","embeddable":true,"href":"https:\/\/entretormentas.com\/index.php?rest_route=%2Fwp%2Fv2%2Fcategories&post=13769"},{"taxonomy":"post_tag","embeddable":true,"href":"https:\/\/entretormentas.com\/index.php?rest_route=%2Fwp%2Fv2%2Ftags&post=13769"}],"curies":[{"name":"wp","href":"https:\/\/api.w.org\/{rel}","templated":true}]}}