{"id":13773,"date":"2025-03-05T09:37:26","date_gmt":"2025-03-05T08:37:26","guid":{"rendered":"https:\/\/entretormentas.com\/?p=13773"},"modified":"2025-03-05T09:37:27","modified_gmt":"2025-03-05T08:37:27","slug":"alcaldia-de-maracaibo-activa-la-vereda-del-lago-se-llena-de-diversion-con-la-fiesta-de-espuma","status":"publish","type":"post","link":"https:\/\/entretormentas.com\/alcaldia-de-maracaibo-activa-la-vereda-del-lago-se-llena-de-diversion-con-la-fiesta-de-espuma\/","title":{"rendered":"\u00a1ALCALD\u00cdA DE MARACAIBO ACTIVA! La Vereda del Lago se llena de diversi\u00f3n con la Fiesta de Espuma"},"content":{"rendered":"\n<p><strong>ENTRE TORMENTAS. <\/strong>Un evento lleno de magia, m\u00fasica, baile y mucha espuma se vivi\u00f3 la tarde de este 3 de marzo en el Parque Vereda del Lago, donde la Alcald\u00eda de Maracaibo, a trav\u00e9s de su Direcci\u00f3n de Eventos organiz\u00f3, por tercer a\u00f1o consecutivo, la Fiesta de Espuma, enmarcada en la celebraci\u00f3n m\u00e1s divertida del a\u00f1o: Carnaval.<\/p>\n\n\n\n<p>La atracci\u00f3n m\u00e1s esperada fue la activaci\u00f3n de los dispensadores de espuma, que inundaron el \u00e1rea de la tribuna principal divirtiendo a todas las familias presentes. Adem\u00e1s, los m\u00e1s peque\u00f1os pudieron disfrutar del show con los recreadores de Event Moon, las princesas de Disney, y la presentaci\u00f3n del Mago Le\u00f3n.<\/p>\n\n\n\n<figure class=\"wp-block-image size-large\"><img fetchpriority=\"high\" decoding=\"async\" width=\"1024\" height=\"682\" src=\"https:\/\/entretormentas.com\/wp-content\/uploads\/2025\/03\/image-56-1024x682.png\" alt=\"\" class=\"wp-image-13776\" srcset=\"https:\/\/entretormentas.com\/wp-content\/uploads\/2025\/03\/image-56-1024x682.png 1024w, https:\/\/entretormentas.com\/wp-content\/uploads\/2025\/03\/image-56-300x200.png 300w, https:\/\/entretormentas.com\/wp-content\/uploads\/2025\/03\/image-56-768x512.png 768w, https:\/\/entretormentas.com\/wp-content\/uploads\/2025\/03\/image-56-1536x1024.png 1536w, https:\/\/entretormentas.com\/wp-content\/uploads\/2025\/03\/image-56-2048x1365.png 2048w\" sizes=\"(max-width: 1024px) 100vw, 1024px\" \/><\/figure>\n\n\n\n<p>Asimismo, el evento cont\u00f3 con Guillermo Torres como el animador principal y un despliegue de cantantes y artistas en escena: Garc\u00e9s Music, Lucho de la Banda Comando y la presentaci\u00f3n de la academia de baile Camerino Company, as\u00ed lo inform\u00f3 Jimmy Oviedo, director de Eventos.<\/p>\n\n\n\n<p>Por su parte, Caracciolo Bosc\u00e1n, director general del Sistema Desconcentrado Vereda del Lago (SEVEDEL) detall\u00f3 que durante el fin de semana de Carnavales la afluencia de personas se mantuvo en un promedio de 30 mil personas diarias. \u201cInvitamos a la colectividad marabina a que nos sigan visitando tomando el parque como basti\u00f3n recreacional. Contamos con seguridad, espacios limpios y muchas actividades recreacionales para ls fechas de Carnaval\u201d.<\/p>\n\n\n\n<figure class=\"wp-block-image size-large\"><img decoding=\"async\" width=\"1024\" height=\"682\" src=\"https:\/\/entretormentas.com\/wp-content\/uploads\/2025\/03\/image-55-1024x682.png\" alt=\"\" class=\"wp-image-13775\" srcset=\"https:\/\/entretormentas.com\/wp-content\/uploads\/2025\/03\/image-55-1024x682.png 1024w, https:\/\/entretormentas.com\/wp-content\/uploads\/2025\/03\/image-55-300x200.png 300w, https:\/\/entretormentas.com\/wp-content\/uploads\/2025\/03\/image-55-768x512.png 768w, https:\/\/entretormentas.com\/wp-content\/uploads\/2025\/03\/image-55-1536x1024.png 1536w, https:\/\/entretormentas.com\/wp-content\/uploads\/2025\/03\/image-55-2048x1365.png 2048w\" sizes=\"(max-width: 1024px) 100vw, 1024px\" \/><\/figure>\n\n\n\n<p>Mar\u00eda Gabriela Gonz\u00e1lez, m\u00e9dico de 36 a\u00f1os, disfrut\u00f3 de la actividad junto con su familia y calific\u00f3 la experiencia como \u201cespectacular\u201d. \u201cPrimera vez que vengo a un evento de este tipo, a mi hijo le encant\u00f3 y nosotros nos la pasamos muy bien. Me parece una actividad muy buena para que vengan los ni\u00f1os a compartir con su familia\u201d.<\/p>\n\n\n\n<p>Del mismo modo, Joanne Bracho, docente de 29 a\u00f1os, coment\u00f3 que tanto ella como su hija pasaron un rato agradable y divertido: \u201cLa experiencia fue muy buena, toda la familia particip\u00f3 y los ni\u00f1os pasaron un rato diferente\u201d.<br><strong><em>ET \/ DCI Alcald\u00eda de Maracaibo<\/em><\/strong><\/p>\n","protected":false},"excerpt":{"rendered":"<p>ENTRE TORMENTAS. Un evento lleno de magia, m\u00fasica, baile y mucha espuma se vivi\u00f3 la&#8230;<\/p>\n","protected":false},"author":2,"featured_media":13774,"comment_status":"closed","ping_status":"open","sticky":false,"template":"","format":"standard","meta":{"footnotes":""},"categories":[57,1],"tags":[],"class_list":["post-13773","post","type-post","status-publish","format-standard","has-post-thumbnail","hentry","category-actualidad","category-regionales"],"_links":{"self":[{"href":"https:\/\/entretormentas.com\/index.php?rest_route=\/wp\/v2\/posts\/13773","targetHints":{"allow":["GET"]}}],"collection":[{"href":"https:\/\/entretormentas.com\/index.php?rest_route=\/wp\/v2\/posts"}],"about":[{"href":"https:\/\/entretormentas.com\/index.php?rest_route=\/wp\/v2\/types\/post"}],"author":[{"embeddable":true,"href":"https:\/\/entretormentas.com\/index.php?rest_route=\/wp\/v2\/users\/2"}],"replies":[{"embeddable":true,"href":"https:\/\/entretormentas.com\/index.php?rest_route=%2Fwp%2Fv2%2Fcomments&post=13773"}],"version-history":[{"count":1,"href":"https:\/\/entretormentas.com\/index.php?rest_route=\/wp\/v2\/posts\/13773\/revisions"}],"predecessor-version":[{"id":13777,"href":"https:\/\/entretormentas.com\/index.php?rest_route=\/wp\/v2\/posts\/13773\/revisions\/13777"}],"wp:featuredmedia":[{"embeddable":true,"href":"https:\/\/entretormentas.com\/index.php?rest_route=\/wp\/v2\/media\/13774"}],"wp:attachment":[{"href":"https:\/\/entretormentas.com\/index.php?rest_route=%2Fwp%2Fv2%2Fmedia&parent=13773"}],"wp:term":[{"taxonomy":"category","embeddable":true,"href":"https:\/\/entretormentas.com\/index.php?rest_route=%2Fwp%2Fv2%2Fcategories&post=13773"},{"taxonomy":"post_tag","embeddable":true,"href":"https:\/\/entretormentas.com\/index.php?rest_route=%2Fwp%2Fv2%2Ftags&post=13773"}],"curies":[{"name":"wp","href":"https:\/\/api.w.org\/{rel}","templated":true}]}}