{"id":13802,"date":"2025-03-06T09:07:06","date_gmt":"2025-03-06T08:07:06","guid":{"rendered":"https:\/\/entretormentas.com\/?p=13802"},"modified":"2025-03-06T09:07:06","modified_gmt":"2025-03-06T08:07:06","slug":"con-desfile-de-comparsas-alcaldia-de-maracaibo-cierra-carnavales-2025-en-la-curva-de-molina","status":"publish","type":"post","link":"https:\/\/entretormentas.com\/con-desfile-de-comparsas-alcaldia-de-maracaibo-cierra-carnavales-2025-en-la-curva-de-molina\/","title":{"rendered":"\u00a1CON DESFILE DE COMPARSAS! Alcald\u00eda de Maracaibo cierra Carnavales 2025 en la Curva de Molina"},"content":{"rendered":"\n<p><strong>ENTRE TORMENTAS. <\/strong>La plaza Maracaibo, en el sector Curva de Molina, fue el escenario para el Desfile de Comparsas organizado por la Alcald\u00eda de Maracaibo, a trav\u00e9s de la Direcci\u00f3n de Eventos, como cierre de las actividades que la municipalidad program\u00f3 para el disfrute de las familias marabinas en estos Carnavales 2025.<\/p>\n\n\n\n<p>Celebrada la tarde de este martes 4 de marzo, a partir de las 7:00 hasta las 9:30, permiti\u00f3, tanto ni\u00f1os como adultos, disfrutar de la puesta en escena de cuatro agrupaciones de danza que se disputaron el primer lugar: Fundaci\u00f3n Cultural, Deportiva y Ecologista Prevenir (FUNCUDEP), Danzas Nacionalistas Francisco Valbuena, Danzas Nacionalistas Alexander Rubio y Danzas Reina del Lago.<\/p>\n\n\n\n<p>El panel del jurado estaba integrado por: Malena Soto, directora de Cultura; Benito Vilches, jefe de la secci\u00f3n de danza de la Alcald\u00eda; y Mar\u00eda Fuenmayor, Reina de los Carnavales 2025.<\/p>\n\n\n\n<figure class=\"wp-block-image size-large\"><img fetchpriority=\"high\" decoding=\"async\" width=\"1024\" height=\"682\" src=\"https:\/\/entretormentas.com\/wp-content\/uploads\/2025\/03\/image-70-1024x682.png\" alt=\"\" class=\"wp-image-13804\" srcset=\"https:\/\/entretormentas.com\/wp-content\/uploads\/2025\/03\/image-70-1024x682.png 1024w, https:\/\/entretormentas.com\/wp-content\/uploads\/2025\/03\/image-70-300x200.png 300w, https:\/\/entretormentas.com\/wp-content\/uploads\/2025\/03\/image-70-768x512.png 768w, https:\/\/entretormentas.com\/wp-content\/uploads\/2025\/03\/image-70-1536x1024.png 1536w, https:\/\/entretormentas.com\/wp-content\/uploads\/2025\/03\/image-70-2048x1365.png 2048w\" sizes=\"(max-width: 1024px) 100vw, 1024px\" \/><\/figure>\n\n\n\n<p>Result\u00f3 ganadora la comparsa de la agrupaci\u00f3n Danzas Nacionalistas Francisco Valbuena con su presentaci\u00f3n del g\u00e9nero samba titulada La Reina de la Ciudad.<\/p>\n\n\n\n<p>La animaci\u00f3n de la velada estuvo a cargo de Guillermo Torres y el show especial para los peque\u00f1os fue realizado por los recreadores de Events Moon y el show de t\u00edteres y marionetas Balalin Balalan. La amenizaci\u00f3n musical en vivo fue por parte de la agrupaci\u00f3n vallenata Parranda Bacana y la artista zuliana It&#8217;s Diana.<\/p>\n\n\n\n<p>El alcalde encargado, Adri\u00e1n Romero Mart\u00ednez, se uni\u00f3 a la celebraci\u00f3n en compa\u00f1\u00eda de su esposa e hija. Estuvo presente tambi\u00e9n el presidente del Concejo Municipal, Omar Molina.<\/p>\n\n\n\n<p>\u201cFelicidades a todos estos ni\u00f1os que vinieron hoy a compartir el cierre del carnaval. Este es un regalo de la Alcald\u00eda para todo el oeste. Un reconocimiento al comit\u00e9 organizador que hace posible que en la tarde de hoy estemos pasando una noche diferente, de alegr\u00eda y de compartir en familia\u201d, coment\u00f3 Romero Mart\u00ednez.<\/p>\n\n\n\n<p>Asimismo, las bellas reinas del carnaval, Nahomy Berm\u00fadez, en la categor\u00eda Baby; Dagnny Paz, en la categor\u00eda Infantil; Mar\u00eda Victoria Fuenmayor, en la categor\u00eda Juvenil; e Irama Rangel, en categor\u00eda Adulto Mayor, se hicieron presentes en la celebraci\u00f3n.<\/p>\n\n\n\n<figure class=\"wp-block-image size-large\"><img decoding=\"async\" width=\"1024\" height=\"682\" src=\"https:\/\/entretormentas.com\/wp-content\/uploads\/2025\/03\/image-71-1024x682.png\" alt=\"\" class=\"wp-image-13805\" srcset=\"https:\/\/entretormentas.com\/wp-content\/uploads\/2025\/03\/image-71-1024x682.png 1024w, https:\/\/entretormentas.com\/wp-content\/uploads\/2025\/03\/image-71-300x200.png 300w, https:\/\/entretormentas.com\/wp-content\/uploads\/2025\/03\/image-71-768x512.png 768w, https:\/\/entretormentas.com\/wp-content\/uploads\/2025\/03\/image-71-1536x1024.png 1536w, https:\/\/entretormentas.com\/wp-content\/uploads\/2025\/03\/image-71-2048x1365.png 2048w\" sizes=\"(max-width: 1024px) 100vw, 1024px\" \/><\/figure>\n\n\n\n<p><strong>CARNAVALES CONCIENTES Y SEGUROS<\/strong><br>El comisario Aldrin Parra, director general de Seguridad Ciudadana, se\u00f1al\u00f3 que el evento cont\u00f3 con la presencia de un personal unificado de aproximadamente 80 funcionarios de seguridad entre Polic\u00eda Regional, Protecci\u00f3n Civil y Polimaracaibo.<\/p>\n\n\n\n<p>Patricia Morillo, visitante de la parroquia Francisco Eugenio Bustamante, de 29 a\u00f1os, calific\u00f3 el evento como \u201cuna experiencia muy divertida\u201d. \u201cMe encant\u00f3, aparte los ni\u00f1os se divirtieron mucho, lo cual es la idea, nos vamos superencantados. Es la primera vez que asisto a un evento as\u00ed organizado por la Alcald\u00eda y la verdad es que volver\u00eda a venir todas las veces que me inviten\u201d.<br><strong><em>ET \/ DCI Alcald\u00eda de Maracaibo<\/em><\/strong><\/p>\n","protected":false},"excerpt":{"rendered":"<p>ENTRE TORMENTAS. La plaza Maracaibo, en el sector Curva de Molina, fue el escenario para&#8230;<\/p>\n","protected":false},"author":2,"featured_media":13803,"comment_status":"closed","ping_status":"open","sticky":false,"template":"","format":"standard","meta":{"footnotes":""},"categories":[1],"tags":[],"class_list":["post-13802","post","type-post","status-publish","format-standard","has-post-thumbnail","hentry","category-regionales"],"_links":{"self":[{"href":"https:\/\/entretormentas.com\/index.php?rest_route=\/wp\/v2\/posts\/13802","targetHints":{"allow":["GET"]}}],"collection":[{"href":"https:\/\/entretormentas.com\/index.php?rest_route=\/wp\/v2\/posts"}],"about":[{"href":"https:\/\/entretormentas.com\/index.php?rest_route=\/wp\/v2\/types\/post"}],"author":[{"embeddable":true,"href":"https:\/\/entretormentas.com\/index.php?rest_route=\/wp\/v2\/users\/2"}],"replies":[{"embeddable":true,"href":"https:\/\/entretormentas.com\/index.php?rest_route=%2Fwp%2Fv2%2Fcomments&post=13802"}],"version-history":[{"count":1,"href":"https:\/\/entretormentas.com\/index.php?rest_route=\/wp\/v2\/posts\/13802\/revisions"}],"predecessor-version":[{"id":13806,"href":"https:\/\/entretormentas.com\/index.php?rest_route=\/wp\/v2\/posts\/13802\/revisions\/13806"}],"wp:featuredmedia":[{"embeddable":true,"href":"https:\/\/entretormentas.com\/index.php?rest_route=\/wp\/v2\/media\/13803"}],"wp:attachment":[{"href":"https:\/\/entretormentas.com\/index.php?rest_route=%2Fwp%2Fv2%2Fmedia&parent=13802"}],"wp:term":[{"taxonomy":"category","embeddable":true,"href":"https:\/\/entretormentas.com\/index.php?rest_route=%2Fwp%2Fv2%2Fcategories&post=13802"},{"taxonomy":"post_tag","embeddable":true,"href":"https:\/\/entretormentas.com\/index.php?rest_route=%2Fwp%2Fv2%2Ftags&post=13802"}],"curies":[{"name":"wp","href":"https:\/\/api.w.org\/{rel}","templated":true}]}}