{"id":13807,"date":"2025-03-06T09:10:32","date_gmt":"2025-03-06T08:10:32","guid":{"rendered":"https:\/\/entretormentas.com\/?p=13807"},"modified":"2025-03-06T09:10:32","modified_gmt":"2025-03-06T08:10:32","slug":"este-jueves-escuela-de-teatro-ines-laredo-celebra-47-anos-con-una-comedia-familiar","status":"publish","type":"post","link":"https:\/\/entretormentas.com\/este-jueves-escuela-de-teatro-ines-laredo-celebra-47-anos-con-una-comedia-familiar\/","title":{"rendered":"\u00a1ESTE JUEVES! Escuela de Teatro In\u00e9s Laredo celebra 47 a\u00f1os con una comedia familiar"},"content":{"rendered":"\n<p><strong>ENTRE TORMENTAS.<\/strong> La Escuela de Teatro In\u00e9s Laredo, de la Secretar\u00eda de Cultura del estado Zulia, celebra este jueves 6 de marzo 47 a\u00f1os de su fundaci\u00f3n.<\/p>\n\n\n\n<p>Fue en 1978 cuando comenz\u00f3 formalmente la actividad acad\u00e9mica de esta escuela y se ha mantenido como la \u00fanica en su estilo en el occidente del pa\u00eds, con estudiantes que vienen de otros municipios del estado Zulia e incluso de estados vecinos.<br>La fecha es propicia para anunciar una programaci\u00f3n aniversaria llena de importantes acciones esc\u00e9nicas y pedag\u00f3gicas en honor a la insigne maestra del teatro que da nombre a la instituci\u00f3n.<\/p>\n\n\n\n<p>La maestra In\u00e9s Laredo dict\u00f3 la primera clase al ser creada la escuela que lleva su nombre. Ella renov\u00f3 el quehacer teatral en Venezuela introduciendo piezas de vanguardia y fundando el primer grupo de teatro de La Universidad del Zulia, S\u00e1bado.<\/p>\n\n\n\n<p>El director de la escuela de teatro, profesor Arnaldo Pirela, precis\u00f3 que el jueves 6 de marzo, a las 3:00 de la tarde, se realizar\u00e1 una funci\u00f3n de la comedia breve \u00abHab\u00eda una vez\u2026y otra vez\u00bb, a cargo de los estudiantes del 3er a\u00f1o del programa de formaci\u00f3n.<br>Ser\u00e1 una presentaci\u00f3n para todo el p\u00fablico, en el Centro de Formaci\u00f3n Art\u00edstica Andr\u00e9s Eloy Blanco (Secretar\u00eda de Cultura) con entrada libre.<br>Se trata de una obra de car\u00e1cter pedag\u00f3gico que nos llevar\u00e1 a conocer los or\u00edgenes del arte teatral con juegos, m\u00fasica y humor.<\/p>\n\n\n\n<p>Como parte de la programaci\u00f3n aniversaria, la Escuela de Teatro In\u00e9s Laredo realizar\u00e1, este 28 de marzo, a las 10 de la ma\u00f1ana, un conversatorio titulado: La formaci\u00f3n teatral: Debate sobre la llamada t\u00e9cnica, m\u00e9todo, proceso o herramienta de trabajo en el \u00e1mbito art\u00edstico teatral.<br>Su director, Arnaldo Pirela destac\u00f3 que en esta gesti\u00f3n la escuela est\u00e1 plenamente activa, con sus clases regulares y el Taller Inicial de Teatro e invita a seguir sus actividades en @escuela_ineslaredo y el @secretariadeculturazulia.<br><strong><em>ET \/ Nota de Prensa<\/em><\/strong><\/p>\n","protected":false},"excerpt":{"rendered":"<p>ENTRE TORMENTAS. La Escuela de Teatro In\u00e9s Laredo, de la Secretar\u00eda de Cultura del estado&#8230;<\/p>\n","protected":false},"author":2,"featured_media":13808,"comment_status":"closed","ping_status":"open","sticky":false,"template":"","format":"standard","meta":{"footnotes":""},"categories":[57,1],"tags":[],"class_list":["post-13807","post","type-post","status-publish","format-standard","has-post-thumbnail","hentry","category-actualidad","category-regionales"],"_links":{"self":[{"href":"https:\/\/entretormentas.com\/index.php?rest_route=\/wp\/v2\/posts\/13807","targetHints":{"allow":["GET"]}}],"collection":[{"href":"https:\/\/entretormentas.com\/index.php?rest_route=\/wp\/v2\/posts"}],"about":[{"href":"https:\/\/entretormentas.com\/index.php?rest_route=\/wp\/v2\/types\/post"}],"author":[{"embeddable":true,"href":"https:\/\/entretormentas.com\/index.php?rest_route=\/wp\/v2\/users\/2"}],"replies":[{"embeddable":true,"href":"https:\/\/entretormentas.com\/index.php?rest_route=%2Fwp%2Fv2%2Fcomments&post=13807"}],"version-history":[{"count":1,"href":"https:\/\/entretormentas.com\/index.php?rest_route=\/wp\/v2\/posts\/13807\/revisions"}],"predecessor-version":[{"id":13809,"href":"https:\/\/entretormentas.com\/index.php?rest_route=\/wp\/v2\/posts\/13807\/revisions\/13809"}],"wp:featuredmedia":[{"embeddable":true,"href":"https:\/\/entretormentas.com\/index.php?rest_route=\/wp\/v2\/media\/13808"}],"wp:attachment":[{"href":"https:\/\/entretormentas.com\/index.php?rest_route=%2Fwp%2Fv2%2Fmedia&parent=13807"}],"wp:term":[{"taxonomy":"category","embeddable":true,"href":"https:\/\/entretormentas.com\/index.php?rest_route=%2Fwp%2Fv2%2Fcategories&post=13807"},{"taxonomy":"post_tag","embeddable":true,"href":"https:\/\/entretormentas.com\/index.php?rest_route=%2Fwp%2Fv2%2Ftags&post=13807"}],"curies":[{"name":"wp","href":"https:\/\/api.w.org\/{rel}","templated":true}]}}