{"id":13810,"date":"2025-03-06T09:13:37","date_gmt":"2025-03-06T08:13:37","guid":{"rendered":"https:\/\/entretormentas.com\/?p=13810"},"modified":"2025-03-06T09:13:38","modified_gmt":"2025-03-06T08:13:38","slug":"en-francisco-eugenio-bustamante-gobernacion-mantiene-programas-de-vacunacion","status":"publish","type":"post","link":"https:\/\/entretormentas.com\/en-francisco-eugenio-bustamante-gobernacion-mantiene-programas-de-vacunacion\/","title":{"rendered":"\u00a1EN FRANCISCO EUGENIO BUSTAMANTE! Gobernaci\u00f3n mantiene programas de vacunaci\u00f3n"},"content":{"rendered":"\n<p><strong>ENTRE TORMENTAS. <\/strong>Con el objetivo de preservar el bienestar social y colectivo de la ni\u00f1ez, en el marco de los programas Salud va a la escuela, del Ministerio del Poder Popular para la Salud, (MPPS); y del plan Zulia Saludable, puesto en marcha por el gobernador del Zulia, Manuel Rosales Guerrero, a trav\u00e9s de la Secretar\u00eda de Salud, encabezada por Diego Mu\u00f1oz, los alumnos de la escuela Fabricio Ojeda, ubicada en la comunidad de Altos III, de la parroquia Francisco Eugenio Bustamante, recibieron las dosis correspondientes al cierre del esquema de vacunaci\u00f3n.<\/p>\n\n\n\n<p>En relaci\u00f3n con esta actividad, Blanca Gonz\u00e1lez, directora del ambulatorio urbano II San Brendan, manifest\u00f3, que en esta oportunidad se busc\u00f3 cerrar el esquema de vacunaci\u00f3n a los 100 escolares de esta unidad educativa nacional, que van desde los dos meses de nacido hasta los 10 a\u00f1os de edad, a los cuales se les aplic\u00f3 de manera gratuita las dosis de Pentavalente, que es una vacuna combinada que protege contra cinco enfermedades infecciosas, como difteria, t\u00e9tanos,tos ferina (Pertussis), hepatitis B, haemophilus influenza tipo B; as\u00ed como la SRP, conocida como triple viral, que protege contra el sarampi\u00f3n, la rub\u00e9ola y la parotiditis.<\/p>\n\n\n\n<figure class=\"wp-block-image size-large\"><img fetchpriority=\"high\" decoding=\"async\" width=\"1024\" height=\"682\" src=\"https:\/\/entretormentas.com\/wp-content\/uploads\/2025\/03\/image-73-1024x682.png\" alt=\"\" class=\"wp-image-13811\" srcset=\"https:\/\/entretormentas.com\/wp-content\/uploads\/2025\/03\/image-73-1024x682.png 1024w, https:\/\/entretormentas.com\/wp-content\/uploads\/2025\/03\/image-73-300x200.png 300w, https:\/\/entretormentas.com\/wp-content\/uploads\/2025\/03\/image-73-768x512.png 768w, https:\/\/entretormentas.com\/wp-content\/uploads\/2025\/03\/image-73-1536x1023.png 1536w, https:\/\/entretormentas.com\/wp-content\/uploads\/2025\/03\/image-73.png 1600w\" sizes=\"(max-width: 1024px) 100vw, 1024px\" \/><\/figure>\n\n\n\n<p>A la vez la m\u00e9dico del San Brendan, expres\u00f3 que otras de las inmunizaciones que se aplicaron fue la referente a la IPV, vacuna intramuscular que ha implementado por el Ministerio de Salud, en las escuelas y comunidades, ante el brote de poliomielitis que se ha estado presentando en todo el territorio nacional; mientras que los j\u00f3venes mayores a 10 a\u00f1os y el personal administrativo, docente, y obrero del Fabricio Ojeda, recibieron la vacuna toxoide, para as\u00ed est\u00e9n protegidos contra la enfermedad del t\u00e9tano.<\/p>\n\n\n\n<p>Por \u00faltimo la directora del ambulatorio San Brendan, Dra. Blanca Gonz\u00e1lez, se\u00f1al\u00f3 que los vecinos adyacentes a este centro de salud, como San Agust\u00edn, La Pradera, Villa Reina, Los Altos I, II y III, La Lechuga, Villa Baralt, entre otras, han recibido las charlas educativas en torno a la planificaci\u00f3n familiar, as\u00ed como los tratamientos y alimentaci\u00f3n que deben cumplir seg\u00fan la patolog\u00eda que los est\u00e9 afectando, ya sea la diabetes, hipertensi\u00f3n, diabetes gestacional; as\u00ed como a concientizaci\u00f3n a las madres, para que cumplan con el esquema de vacunaci\u00f3n que deben tener los infantes desde el momento que nacen hasta que cumpla los cinco a\u00f1os, y as\u00ed tener la inmunizaci\u00f3n necesaria que les brindar\u00e1 una mejor calidad de vida.<\/p>\n\n\n\n<p>El secretario de Salud, Diego Mu\u00f1oz, destac\u00f3 la labor de los profesionales de cada centro de atenci\u00f3n con estas jornadas de vacunaci\u00f3n que impulsan la prevenci\u00f3n en todos los rincones de la regi\u00f3n zuliana y mantienen al Zulia a la vanguardia de la atenci\u00f3n oportuna a la poblaci\u00f3n, siguiendo los lineamientos del gobernador Manuel Rosales Guerrero.<br><strong><em>ET \/ Nota de Prensa<\/em><\/strong><\/p>\n","protected":false},"excerpt":{"rendered":"<p>ENTRE TORMENTAS. Con el objetivo de preservar el bienestar social y colectivo de la ni\u00f1ez,&#8230;<\/p>\n","protected":false},"author":2,"featured_media":13812,"comment_status":"closed","ping_status":"open","sticky":false,"template":"","format":"standard","meta":{"footnotes":""},"categories":[57,1],"tags":[],"class_list":["post-13810","post","type-post","status-publish","format-standard","has-post-thumbnail","hentry","category-actualidad","category-regionales"],"_links":{"self":[{"href":"https:\/\/entretormentas.com\/index.php?rest_route=\/wp\/v2\/posts\/13810","targetHints":{"allow":["GET"]}}],"collection":[{"href":"https:\/\/entretormentas.com\/index.php?rest_route=\/wp\/v2\/posts"}],"about":[{"href":"https:\/\/entretormentas.com\/index.php?rest_route=\/wp\/v2\/types\/post"}],"author":[{"embeddable":true,"href":"https:\/\/entretormentas.com\/index.php?rest_route=\/wp\/v2\/users\/2"}],"replies":[{"embeddable":true,"href":"https:\/\/entretormentas.com\/index.php?rest_route=%2Fwp%2Fv2%2Fcomments&post=13810"}],"version-history":[{"count":1,"href":"https:\/\/entretormentas.com\/index.php?rest_route=\/wp\/v2\/posts\/13810\/revisions"}],"predecessor-version":[{"id":13813,"href":"https:\/\/entretormentas.com\/index.php?rest_route=\/wp\/v2\/posts\/13810\/revisions\/13813"}],"wp:featuredmedia":[{"embeddable":true,"href":"https:\/\/entretormentas.com\/index.php?rest_route=\/wp\/v2\/media\/13812"}],"wp:attachment":[{"href":"https:\/\/entretormentas.com\/index.php?rest_route=%2Fwp%2Fv2%2Fmedia&parent=13810"}],"wp:term":[{"taxonomy":"category","embeddable":true,"href":"https:\/\/entretormentas.com\/index.php?rest_route=%2Fwp%2Fv2%2Fcategories&post=13810"},{"taxonomy":"post_tag","embeddable":true,"href":"https:\/\/entretormentas.com\/index.php?rest_route=%2Fwp%2Fv2%2Ftags&post=13810"}],"curies":[{"name":"wp","href":"https:\/\/api.w.org\/{rel}","templated":true}]}}