{"id":13819,"date":"2025-03-06T09:21:27","date_gmt":"2025-03-06T08:21:27","guid":{"rendered":"https:\/\/entretormentas.com\/?p=13819"},"modified":"2025-03-06T09:21:27","modified_gmt":"2025-03-06T08:21:27","slug":"con-la-gente-alcaldia-de-san-francisco-continua-llevando-una-mano-amiga-a-las-parroquias-surenas","status":"publish","type":"post","link":"https:\/\/entretormentas.com\/con-la-gente-alcaldia-de-san-francisco-continua-llevando-una-mano-amiga-a-las-parroquias-surenas\/","title":{"rendered":"\u00a1CON LA GENTE! Alcald\u00eda de San Francisco contin\u00faa llevando Una Mano Amiga a las parroquias sure\u00f1as"},"content":{"rendered":"\n<p><strong>ENTRE TORMENTAS. <\/strong>En un esfuerzo constante por brindar apoyo y bienestar a los ciudadanos del municipio, la Alcald\u00eda de San Francisco realiz\u00f3 una nueva entrega de sillas de ruedas y andaderas a abuelas y abuelos de diversas parroquias.<\/p>\n\n\n\n<figure class=\"wp-block-image size-large\"><img fetchpriority=\"high\" decoding=\"async\" width=\"1024\" height=\"768\" src=\"https:\/\/entretormentas.com\/wp-content\/uploads\/2025\/03\/image-79-1024x768.png\" alt=\"\" class=\"wp-image-13821\" srcset=\"https:\/\/entretormentas.com\/wp-content\/uploads\/2025\/03\/image-79-1024x768.png 1024w, https:\/\/entretormentas.com\/wp-content\/uploads\/2025\/03\/image-79-300x225.png 300w, https:\/\/entretormentas.com\/wp-content\/uploads\/2025\/03\/image-79-768x576.png 768w, https:\/\/entretormentas.com\/wp-content\/uploads\/2025\/03\/image-79.png 1280w\" sizes=\"(max-width: 1024px) 100vw, 1024px\" \/><\/figure>\n\n\n\n<p>Estas visitas sociales lideradas por el alcalde de San Francisco, Gustavo Fern\u00e1ndez y la gerente de Desarrollo Social y Participaci\u00f3n Ciudadana, Fabiana Mar\u00edn, forman parte del programa social \u00abUna Mano Amiga\u00bb, que busca responder a las necesidades de las comunidades.<\/p>\n\n\n\n<p>Fern\u00e1ndez M\u00e9ndez estuvo presente en esta noble causa, acompa\u00f1ado de gran parte de su equipo, en recorridos realizados por el sector Sierra Maestra, barrio 24 de Julio y el barrio Blanquita de P\u00e9rez. Durante estas visitas, se entregaron los instrumentos necesarios para mejorar la calidad de vida de Blanca Acosta, de 77 a\u00f1os; Marcos Sempr\u00fam, de 73 a\u00f1os e Israel Barranca, de 97 a\u00f1os.<\/p>\n\n\n\n<figure class=\"wp-block-image size-full\"><img decoding=\"async\" width=\"720\" height=\"556\" src=\"https:\/\/entretormentas.com\/wp-content\/uploads\/2025\/03\/image-80.png\" alt=\"\" class=\"wp-image-13822\" srcset=\"https:\/\/entretormentas.com\/wp-content\/uploads\/2025\/03\/image-80.png 720w, https:\/\/entretormentas.com\/wp-content\/uploads\/2025\/03\/image-80-300x232.png 300w\" sizes=\"(max-width: 720px) 100vw, 720px\" \/><\/figure>\n\n\n\n<p>Este respaldo por parte del ayuntamiento sure\u00f1o refuerza la misi\u00f3n de llevar respuestas efectivas a cada habitante de San Francisco ya que representa una mejora en la movilidad de los adultos mayores beneficiados. El l\u00edder municipal, Gustavo Fern\u00e1ndez, destac\u00f3 que esto es \u201cproducto de un esfuerzo financiero que con tanto cari\u00f1o se est\u00e1 desarrollando<br>desde el gobierno municipal de San Francisco\u201d.<br><strong><em>ET \/ Alcald\u00eda de San Francisco<\/em><\/strong><\/p>\n\n\n\n<p><\/p>\n","protected":false},"excerpt":{"rendered":"<p>ENTRE TORMENTAS. En un esfuerzo constante por brindar apoyo y bienestar a los ciudadanos del&#8230;<\/p>\n","protected":false},"author":2,"featured_media":13820,"comment_status":"closed","ping_status":"open","sticky":false,"template":"","format":"standard","meta":{"footnotes":""},"categories":[57,1],"tags":[],"class_list":["post-13819","post","type-post","status-publish","format-standard","has-post-thumbnail","hentry","category-actualidad","category-regionales"],"_links":{"self":[{"href":"https:\/\/entretormentas.com\/index.php?rest_route=\/wp\/v2\/posts\/13819","targetHints":{"allow":["GET"]}}],"collection":[{"href":"https:\/\/entretormentas.com\/index.php?rest_route=\/wp\/v2\/posts"}],"about":[{"href":"https:\/\/entretormentas.com\/index.php?rest_route=\/wp\/v2\/types\/post"}],"author":[{"embeddable":true,"href":"https:\/\/entretormentas.com\/index.php?rest_route=\/wp\/v2\/users\/2"}],"replies":[{"embeddable":true,"href":"https:\/\/entretormentas.com\/index.php?rest_route=%2Fwp%2Fv2%2Fcomments&post=13819"}],"version-history":[{"count":1,"href":"https:\/\/entretormentas.com\/index.php?rest_route=\/wp\/v2\/posts\/13819\/revisions"}],"predecessor-version":[{"id":13823,"href":"https:\/\/entretormentas.com\/index.php?rest_route=\/wp\/v2\/posts\/13819\/revisions\/13823"}],"wp:featuredmedia":[{"embeddable":true,"href":"https:\/\/entretormentas.com\/index.php?rest_route=\/wp\/v2\/media\/13820"}],"wp:attachment":[{"href":"https:\/\/entretormentas.com\/index.php?rest_route=%2Fwp%2Fv2%2Fmedia&parent=13819"}],"wp:term":[{"taxonomy":"category","embeddable":true,"href":"https:\/\/entretormentas.com\/index.php?rest_route=%2Fwp%2Fv2%2Fcategories&post=13819"},{"taxonomy":"post_tag","embeddable":true,"href":"https:\/\/entretormentas.com\/index.php?rest_route=%2Fwp%2Fv2%2Ftags&post=13819"}],"curies":[{"name":"wp","href":"https:\/\/api.w.org\/{rel}","templated":true}]}}