{"id":13836,"date":"2025-03-06T09:32:47","date_gmt":"2025-03-06T08:32:47","guid":{"rendered":"https:\/\/entretormentas.com\/?p=13836"},"modified":"2025-03-06T09:32:48","modified_gmt":"2025-03-06T08:32:48","slug":"grata-expectativa-canonizacion-de-jose-gregorio-hernandez-podria-ser-entre-septiembre-y-octubre","status":"publish","type":"post","link":"https:\/\/entretormentas.com\/grata-expectativa-canonizacion-de-jose-gregorio-hernandez-podria-ser-entre-septiembre-y-octubre\/","title":{"rendered":"\u00a1GRATA EXPECTATIVA! Canonizaci\u00f3n de Jos\u00e9 Gregorio Hern\u00e1ndez podr\u00eda ser entre septiembre y octubre"},"content":{"rendered":"\n<p><strong>ENTRE TORMENTAS. <\/strong>El cardenal Baltazar Porras, arzobispo em\u00e9rito de la Arquidi\u00f3cesis de Caracas, estim\u00f3 que la canonizaci\u00f3n del primer santo venezolano, el doctor Jos\u00e9 Gregorio Hern\u00e1ndez, posiblemente, ocurra entre septiembre y octubre de este a\u00f1o.<\/p>\n\n\n\n<p>\u00abA\u00fan la fecha no est\u00e1 fijada. Pero, probablemente, como ya lo hab\u00eda dicho el Papa Francisco, las canonizaciones este a\u00f1o ser\u00edan dos, entre septiembre y octubre. Evidentemente, faltan las formalidades de la reuni\u00f3n de los Cardenales y dem\u00e1s, que la fijen. Pero, en principio, debe estar m\u00e1s o menos esas fechas, porque son en este a\u00f1o y jubilar\u00bb, expres\u00f3 en una entrevista ofrecida a El Impulso.<\/p>\n\n\n\n<p>Manifest\u00f3 que esta fecha fue mencionada por el pont\u00edfice hace unos meses ya que, seg\u00fan indic\u00f3 el cardenal, no desea que se efect\u00faen dos canonizaciones por separado, solamente la de Carlo Acutis en el jubileo de los j\u00f3venes.<\/p>\n\n\n\n<figure class=\"wp-block-image size-large\"><img fetchpriority=\"high\" decoding=\"async\" width=\"1024\" height=\"683\" src=\"https:\/\/entretormentas.com\/wp-content\/uploads\/2025\/03\/image-88-1024x683.png\" alt=\"\" class=\"wp-image-13838\" srcset=\"https:\/\/entretormentas.com\/wp-content\/uploads\/2025\/03\/image-88-1024x683.png 1024w, https:\/\/entretormentas.com\/wp-content\/uploads\/2025\/03\/image-88-300x200.png 300w, https:\/\/entretormentas.com\/wp-content\/uploads\/2025\/03\/image-88-768x512.png 768w, https:\/\/entretormentas.com\/wp-content\/uploads\/2025\/03\/image-88.png 1200w\" sizes=\"(max-width: 1024px) 100vw, 1024px\" \/><\/figure>\n\n\n\n<p>\u00abPero, todas las dem\u00e1s sean colectivas. Saldr\u00e1n varias y de diversos continentes los que estar\u00e1n en estas canonizaciones\u00bb, agreg\u00f3.<\/p>\n\n\n\n<p>Afirm\u00f3 adem\u00e1s que habr\u00e1 un programa de actividades, previo a la canonizaci\u00f3n, en las iglesias de Venezuela. \u00abLo que hay es que prepararse ya. En los pr\u00f3ximos d\u00edas, seguramente, tanto en la Arquidi\u00f3cesis de Caracas como en la Conferencia Episcopal, lo que tenemos que hacer es prepararnos y no esperar la fecha, sabiendo que desde ya la fecha est\u00e1 pr\u00f3xima y s\u00f3lo aguardamos el anuncio. Ante ese acontecimiento, toda la preparaci\u00f3n, tanto espiritual como log\u00edstica, hay que hacerla desde ya\u00bb.<\/p>\n\n\n\n<p>Finalmente, el cardenal Porras expres\u00f3 sentir una inmensa alegr\u00eda por la canonizaci\u00f3n de Jos\u00e9 Gregorio Hern\u00e1ndez: \u00abSiento una emoci\u00f3n muy grande por tener el primer santo venezolano, quien ha sido un m\u00e9dico y laico. Sobre todo que sea en estas circunstancias cuando el Papa, desde su lecho de enfermo, ha canonizado a un m\u00e9dico santo y hasta esas mejoras que ha tenido el Santo Padre se le atribuye a esa intercesi\u00f3n\u00bb.<br><strong><em>ET \/ El Nacional<\/em><\/strong><\/p>\n","protected":false},"excerpt":{"rendered":"<p>ENTRE TORMENTAS. El cardenal Baltazar Porras, arzobispo em\u00e9rito de la Arquidi\u00f3cesis de Caracas, estim\u00f3 que&#8230;<\/p>\n","protected":false},"author":2,"featured_media":13837,"comment_status":"closed","ping_status":"open","sticky":false,"template":"","format":"standard","meta":{"footnotes":""},"categories":[56,49],"tags":[],"class_list":["post-13836","post","type-post","status-publish","format-standard","has-post-thumbnail","hentry","category-destacadas","category-nacionales"],"_links":{"self":[{"href":"https:\/\/entretormentas.com\/index.php?rest_route=\/wp\/v2\/posts\/13836","targetHints":{"allow":["GET"]}}],"collection":[{"href":"https:\/\/entretormentas.com\/index.php?rest_route=\/wp\/v2\/posts"}],"about":[{"href":"https:\/\/entretormentas.com\/index.php?rest_route=\/wp\/v2\/types\/post"}],"author":[{"embeddable":true,"href":"https:\/\/entretormentas.com\/index.php?rest_route=\/wp\/v2\/users\/2"}],"replies":[{"embeddable":true,"href":"https:\/\/entretormentas.com\/index.php?rest_route=%2Fwp%2Fv2%2Fcomments&post=13836"}],"version-history":[{"count":1,"href":"https:\/\/entretormentas.com\/index.php?rest_route=\/wp\/v2\/posts\/13836\/revisions"}],"predecessor-version":[{"id":13839,"href":"https:\/\/entretormentas.com\/index.php?rest_route=\/wp\/v2\/posts\/13836\/revisions\/13839"}],"wp:featuredmedia":[{"embeddable":true,"href":"https:\/\/entretormentas.com\/index.php?rest_route=\/wp\/v2\/media\/13837"}],"wp:attachment":[{"href":"https:\/\/entretormentas.com\/index.php?rest_route=%2Fwp%2Fv2%2Fmedia&parent=13836"}],"wp:term":[{"taxonomy":"category","embeddable":true,"href":"https:\/\/entretormentas.com\/index.php?rest_route=%2Fwp%2Fv2%2Fcategories&post=13836"},{"taxonomy":"post_tag","embeddable":true,"href":"https:\/\/entretormentas.com\/index.php?rest_route=%2Fwp%2Fv2%2Ftags&post=13836"}],"curies":[{"name":"wp","href":"https:\/\/api.w.org\/{rel}","templated":true}]}}