{"id":13840,"date":"2025-03-06T09:36:20","date_gmt":"2025-03-06T08:36:20","guid":{"rendered":"https:\/\/entretormentas.com\/?p=13840"},"modified":"2025-03-06T09:36:21","modified_gmt":"2025-03-06T08:36:21","slug":"buena-noticia-migrantes-venezolanos-con-mas-de-cinco-anos-en-colombia-podran-solicitar-visa-de-residencia","status":"publish","type":"post","link":"https:\/\/entretormentas.com\/buena-noticia-migrantes-venezolanos-con-mas-de-cinco-anos-en-colombia-podran-solicitar-visa-de-residencia\/","title":{"rendered":"\u00a1BUENA NOTICIA! Migrantes venezolanos con m\u00e1s de cinco a\u00f1os en Colombia podr\u00e1n solicitar visa de residencia"},"content":{"rendered":"\n<p><strong>ENTRE TORMENTAS.<\/strong> Los migrantes venezolanos en Colombia y que han tramitado el Permiso Especial de Permanencia (PEP) o el Permiso de Protecci\u00f3n Temporal (PPT) desde hace cinco a\u00f1os o m\u00e1s podr\u00e1n solicitar la Visa R, con la cual obtendr\u00edan la c\u00e9dula de residente.<\/p>\n\n\n\n<p>William G\u00f3mez, analista en temas de frontera, explic\u00f3 que los migrantes venezolanos que llegaron al vecino pa\u00eds antes del 4 de diciembre de 2024 y no cuentan con alg\u00fan estatus legal, tiene la opci\u00f3n de optar por la Visa Tipo V, seg\u00fan lo establecido en la Resoluci\u00f3n 12 mil 509.<\/p>\n\n\n\n<p>Los migrantes que desean optar por las visas deber\u00e1n presentar pasaporte vigente o vencido -que no exceda de los 10 a\u00f1os de haber caducado- y documentos que dejen constancia de fuentes de ingresos o estabilidad econ\u00f3mica, entre ellos constancia de residencia, de trabajo, pagos de recibos, facturas, entre otros, publica Banca y Negocios<\/p>\n\n\n\n<p>Tambi\u00e9n deber\u00e1n presentar un certificado apostillado de antecedentes penales de Venezuela. Para quienes optar\u00e1n por la visa de residencia, deber\u00e1n consignar el Permiso de Protecci\u00f3n Temporal o el Permiso Especial de Permanencia.<\/p>\n\n\n\n<figure class=\"wp-block-image size-full\"><img fetchpriority=\"high\" decoding=\"async\" width=\"677\" height=\"374\" src=\"https:\/\/entretormentas.com\/wp-content\/uploads\/2025\/03\/image-89.png\" alt=\"\" class=\"wp-image-13841\" srcset=\"https:\/\/entretormentas.com\/wp-content\/uploads\/2025\/03\/image-89.png 677w, https:\/\/entretormentas.com\/wp-content\/uploads\/2025\/03\/image-89-300x166.png 300w\" sizes=\"(max-width: 677px) 100vw, 677px\" \/><\/figure>\n\n\n\n<p>Este tr\u00e1mite, explic\u00f3 G\u00f3mez, se deber\u00e1n hacer inicialmente a trav\u00e9s del portal web de la Canciller\u00eda de Colombia, donde deber\u00e1n pagar una tasa, llenar un formulario y adicionar los documentos escaneados.<\/p>\n\n\n\n<p>Luego de la ejecuci\u00f3n de este tr\u00e1mite inicial, el usuario deber\u00e1 esperar por la evaluaci\u00f3n de la instituci\u00f3n, la cual enviar\u00e1 una notificaci\u00f3n de aprobaci\u00f3n de visa a trav\u00e9s de correo electr\u00f3nico.<\/p>\n\n\n\n<p>De resultar positiva la aprobaci\u00f3n, G\u00f3mez indic\u00f3 que podr\u00e1n solicitar la c\u00e9dula de residente ante la Registradur\u00eda de Colombia y este ser\u00e1 el documento con el que, posteriormente, el migrante podr\u00e1 solicitar la ciudadan\u00eda colombiana.<\/p>\n\n\n\n<p>De los tres millones de venezolanos que hay en la naci\u00f3n cafetalera, m\u00e1s de 460 mil no tienen ning\u00fan tipo de condici\u00f3n legal.<br><strong><em>ET \/ Agencias<\/em><\/strong><\/p>\n\n\n\n<p><\/p>\n","protected":false},"excerpt":{"rendered":"<p>ENTRE TORMENTAS. Los migrantes venezolanos en Colombia y que han tramitado el Permiso Especial de&#8230;<\/p>\n","protected":false},"author":2,"featured_media":13842,"comment_status":"closed","ping_status":"open","sticky":false,"template":"","format":"standard","meta":{"footnotes":""},"categories":[56,48],"tags":[],"class_list":["post-13840","post","type-post","status-publish","format-standard","has-post-thumbnail","hentry","category-destacadas","category-internacionales"],"_links":{"self":[{"href":"https:\/\/entretormentas.com\/index.php?rest_route=\/wp\/v2\/posts\/13840","targetHints":{"allow":["GET"]}}],"collection":[{"href":"https:\/\/entretormentas.com\/index.php?rest_route=\/wp\/v2\/posts"}],"about":[{"href":"https:\/\/entretormentas.com\/index.php?rest_route=\/wp\/v2\/types\/post"}],"author":[{"embeddable":true,"href":"https:\/\/entretormentas.com\/index.php?rest_route=\/wp\/v2\/users\/2"}],"replies":[{"embeddable":true,"href":"https:\/\/entretormentas.com\/index.php?rest_route=%2Fwp%2Fv2%2Fcomments&post=13840"}],"version-history":[{"count":1,"href":"https:\/\/entretormentas.com\/index.php?rest_route=\/wp\/v2\/posts\/13840\/revisions"}],"predecessor-version":[{"id":13843,"href":"https:\/\/entretormentas.com\/index.php?rest_route=\/wp\/v2\/posts\/13840\/revisions\/13843"}],"wp:featuredmedia":[{"embeddable":true,"href":"https:\/\/entretormentas.com\/index.php?rest_route=\/wp\/v2\/media\/13842"}],"wp:attachment":[{"href":"https:\/\/entretormentas.com\/index.php?rest_route=%2Fwp%2Fv2%2Fmedia&parent=13840"}],"wp:term":[{"taxonomy":"category","embeddable":true,"href":"https:\/\/entretormentas.com\/index.php?rest_route=%2Fwp%2Fv2%2Fcategories&post=13840"},{"taxonomy":"post_tag","embeddable":true,"href":"https:\/\/entretormentas.com\/index.php?rest_route=%2Fwp%2Fv2%2Ftags&post=13840"}],"curies":[{"name":"wp","href":"https:\/\/api.w.org\/{rel}","templated":true}]}}