{"id":13849,"date":"2025-03-07T09:19:09","date_gmt":"2025-03-07T08:19:09","guid":{"rendered":"https:\/\/entretormentas.com\/?p=13849"},"modified":"2025-03-07T09:19:09","modified_gmt":"2025-03-07T08:19:09","slug":"aplicado-a-las-escuelas-de-gaita-imgra-capacita-a-instructores-con-taller-de-herramientas-y-metodos-de-ensenanza","status":"publish","type":"post","link":"https:\/\/entretormentas.com\/aplicado-a-las-escuelas-de-gaita-imgra-capacita-a-instructores-con-taller-de-herramientas-y-metodos-de-ensenanza\/","title":{"rendered":"\u00a1APLICADO A LAS ESCUELAS DE GAITA! IMGRA capacita a instructores con taller de Herramientas y M\u00e9todos de Ense\u00f1anza"},"content":{"rendered":"\n<p><strong>ENTRE TORMENTAS. <\/strong>Para fortalecer la pr\u00e1ctica instruccional de la gaita, el Instituto Municipal de la Gaita Ricardo Aguirre (IMGRA) llev\u00f3 a cabo el taller de Herramientas y M\u00e9todos de Ense\u00f1anza dirigido a los m\u00e1s de 100 instructores que laboran en las m\u00e1s de 70 escuelas de gaita distribuidas en las parroquias de Maracaibo.<\/p>\n\n\n\n<p>Una mesa de trabajo liderada por el vicepresidente de la Instituci\u00f3n, Humberto Bracho; el facilitador y percusionista, Ender M\u00e9ndez; el reconocido compositor y tamborero, Albis Reyes; y un selecto grupo de instructores; puso en marcha el taller realizado en la sede del lMGRA, ubicada en el Mercado Guajiro San Sebasti\u00e1n, en la avenida 2 El Milagro.<\/p>\n\n\n\n<p>\u201cBuscamos recibir otras herramientas para seguir aprendiendo, prepar\u00e1ndonos y as\u00ed garantizar una educaci\u00f3n musical de calidad en cada una de nuestras escuelas de gaita. Seguiremos dando pasos importantes para la capacitaci\u00f3n de los instructores en todas las \u00e1reas, que al final beneficia a los cientos de ni\u00f1os y j\u00f3venes que atendemos\u201d, expres\u00f3 la presidenta del Instituto, Johanna Salas.<\/p>\n\n\n\n<figure class=\"wp-block-image size-large\"><img fetchpriority=\"high\" decoding=\"async\" width=\"1024\" height=\"768\" src=\"https:\/\/entretormentas.com\/wp-content\/uploads\/2025\/03\/image-93-1024x768.png\" alt=\"\" class=\"wp-image-13851\" srcset=\"https:\/\/entretormentas.com\/wp-content\/uploads\/2025\/03\/image-93-1024x768.png 1024w, https:\/\/entretormentas.com\/wp-content\/uploads\/2025\/03\/image-93-300x225.png 300w, https:\/\/entretormentas.com\/wp-content\/uploads\/2025\/03\/image-93-768x576.png 768w, https:\/\/entretormentas.com\/wp-content\/uploads\/2025\/03\/image-93-1536x1152.png 1536w, https:\/\/entretormentas.com\/wp-content\/uploads\/2025\/03\/image-93-2048x1536.png 2048w\" sizes=\"(max-width: 1024px) 100vw, 1024px\" \/><\/figure>\n\n\n\n<p>Durante el encuentro, los facilitadores de gaita zuliana, maestros y gu\u00edas de cientos de ni\u00f1os, ni\u00f1as y adolescentes que hacen vida en las escuelas municipales, profundizaron en temas de ense\u00f1anza como estrategias y m\u00e9todos; posturas correctas y t\u00e9cnicas de ejecuci\u00f3n de instrumentos; estructura, golpes y rudimentos utilizados; diferentes estilos de agrupaciones; y ensamble y cuadratura r\u00edtmica.<\/p>\n\n\n\n<p>\u201cEl prop\u00f3sito es que el personal tenga una capacitaci\u00f3n permanente y en pro de una ense\u00f1anza fresca, moderna y actualizada\u201d, resalt\u00f3 el experimentado m\u00fasico, Humberto Bracho, quien adem\u00e1s se\u00f1al\u00f3 que esta formaci\u00f3n est\u00e1 \u201cestrechamente ligada al componente pedag\u00f3gico docente anteriormente realizado exitosamente en convenio con la UNICA y es una continuaci\u00f3n para seguir avanzando\u201d.<\/p>\n\n\n\n<p>En 2024, a trav\u00e9s de un convenio interinstitucional con la Universidad Cat\u00f3lica Cecilio Acosta (UNICA), m\u00e1s de 100 instructores de gaita zuliana cursaron un Taller de Formaci\u00f3n Pedag\u00f3gica que les permiti\u00f3 adquirir conocimientos b\u00e1sicos sobre el sistema de educaci\u00f3n en Venezuela, desarrollo del ni\u00f1o y aprendizaje, discapacidad e inclusi\u00f3n social; y diferentes estrategias pedag\u00f3gicas para la ense\u00f1anza.<\/p>\n\n\n\n<p>Asimismo, en Instituto ha establecido alianza con el Consejo Municipal de Derechos de NNA para el desarrollo de talleres de orientaci\u00f3n sobre el buen trato y principios b\u00e1sicos de protecci\u00f3n integral de ni\u00f1os, ni\u00f1as y adolescentes.<\/p>\n\n\n\n<p>Humberto Bracho inform\u00f3 que pr\u00f3ximamente ser\u00e1n anunciados otros cursos y talleres inherentes al trabajo de ense\u00f1anza que realiza el IMGRA en las distintas parroquias de la ciudad con un programa de alcance educativo y de consistente impacto social.<br><strong><em>ET \/ DCI Alcald\u00eda de Maracaibo<\/em><\/strong><\/p>\n\n\n\n<p><\/p>\n","protected":false},"excerpt":{"rendered":"<p>ENTRE TORMENTAS. Para fortalecer la pr\u00e1ctica instruccional de la gaita, el Instituto Municipal de la&#8230;<\/p>\n","protected":false},"author":2,"featured_media":13850,"comment_status":"closed","ping_status":"open","sticky":false,"template":"","format":"standard","meta":{"footnotes":""},"categories":[1],"tags":[],"class_list":["post-13849","post","type-post","status-publish","format-standard","has-post-thumbnail","hentry","category-regionales"],"_links":{"self":[{"href":"https:\/\/entretormentas.com\/index.php?rest_route=\/wp\/v2\/posts\/13849","targetHints":{"allow":["GET"]}}],"collection":[{"href":"https:\/\/entretormentas.com\/index.php?rest_route=\/wp\/v2\/posts"}],"about":[{"href":"https:\/\/entretormentas.com\/index.php?rest_route=\/wp\/v2\/types\/post"}],"author":[{"embeddable":true,"href":"https:\/\/entretormentas.com\/index.php?rest_route=\/wp\/v2\/users\/2"}],"replies":[{"embeddable":true,"href":"https:\/\/entretormentas.com\/index.php?rest_route=%2Fwp%2Fv2%2Fcomments&post=13849"}],"version-history":[{"count":1,"href":"https:\/\/entretormentas.com\/index.php?rest_route=\/wp\/v2\/posts\/13849\/revisions"}],"predecessor-version":[{"id":13852,"href":"https:\/\/entretormentas.com\/index.php?rest_route=\/wp\/v2\/posts\/13849\/revisions\/13852"}],"wp:featuredmedia":[{"embeddable":true,"href":"https:\/\/entretormentas.com\/index.php?rest_route=\/wp\/v2\/media\/13850"}],"wp:attachment":[{"href":"https:\/\/entretormentas.com\/index.php?rest_route=%2Fwp%2Fv2%2Fmedia&parent=13849"}],"wp:term":[{"taxonomy":"category","embeddable":true,"href":"https:\/\/entretormentas.com\/index.php?rest_route=%2Fwp%2Fv2%2Fcategories&post=13849"},{"taxonomy":"post_tag","embeddable":true,"href":"https:\/\/entretormentas.com\/index.php?rest_route=%2Fwp%2Fv2%2Ftags&post=13849"}],"curies":[{"name":"wp","href":"https:\/\/api.w.org\/{rel}","templated":true}]}}