{"id":13853,"date":"2025-03-07T09:21:59","date_gmt":"2025-03-07T08:21:59","guid":{"rendered":"https:\/\/entretormentas.com\/?p=13853"},"modified":"2025-03-07T09:21:59","modified_gmt":"2025-03-07T08:21:59","slug":"alcaldia-activa-imsasur-aborda-plan-masivo-de-vacunacion-en-las-siete-parroquias-surenas","status":"publish","type":"post","link":"https:\/\/entretormentas.com\/alcaldia-activa-imsasur-aborda-plan-masivo-de-vacunacion-en-las-siete-parroquias-surenas\/","title":{"rendered":"\u00a1ALCALD\u00cdA ACTIVA! Imsasur aborda plan masivo de vacunaci\u00f3n en las siete parroquias sure\u00f1as"},"content":{"rendered":"\n<p><strong>ENTRE TORMENTAS. <\/strong>Desde la gesti\u00f3n del alcalde Gustavo Fern\u00e1ndez, el \u00e1rea de salud se fortalece en las comunidades, a trav\u00e9s de los planes preventivos y esquemas de vacunaci\u00f3n desplegados en las parroquias del municipio San Francisco.<\/p>\n\n\n\n<p>El Dr. Juan Carlos Rangel, inform\u00f3 que las intervenciones comunitarias se est\u00e1n realizando en un plan establecido por los diferentes niveles de gobierno en el pa\u00eds, bajo las instrucciones precisas de un programa que viene desde Naciones Unidas, en conjunto con el Ministerio del Poder Popular para la Salud, la Secretar\u00eda de Salud de la Gobernaci\u00f3n del Zulia, y el Instituto P\u00fablico Municipal de la Salud (Imsasur) este \u00faltimo como nivel preventivo.<\/p>\n\n\n\n<p>Adem\u00e1s, Rangel asegur\u00f3 que est\u00e1n enfocados en impulsar la vacunaci\u00f3n contra la poliomielitis y tambi\u00e9n est\u00e1n captando pacientes que todav\u00eda no se han colocado la BCG, ya que los representantes no asisten una vez que ha nacido el ni\u00f1o y quedan sin vacunar, \u201ctambi\u00e9n estamos colocando la vacuna de la toxoide y fiebre amarilla\u201d, agreg\u00f3.<\/p>\n\n\n\n<figure class=\"wp-block-image size-large\"><img fetchpriority=\"high\" decoding=\"async\" width=\"1024\" height=\"576\" src=\"https:\/\/entretormentas.com\/wp-content\/uploads\/2025\/03\/image-95-1024x576.png\" alt=\"\" class=\"wp-image-13855\" srcset=\"https:\/\/entretormentas.com\/wp-content\/uploads\/2025\/03\/image-95-1024x576.png 1024w, https:\/\/entretormentas.com\/wp-content\/uploads\/2025\/03\/image-95-300x169.png 300w, https:\/\/entretormentas.com\/wp-content\/uploads\/2025\/03\/image-95-768x432.png 768w, https:\/\/entretormentas.com\/wp-content\/uploads\/2025\/03\/image-95-1536x864.png 1536w, https:\/\/entretormentas.com\/wp-content\/uploads\/2025\/03\/image-95-2048x1152.png 2048w\" sizes=\"(max-width: 1024px) 100vw, 1024px\" \/><\/figure>\n\n\n\n<p>Para dar respuestas en todas las parroquias que est\u00e1n siendo abordadas con el plan masivo de vacunaci\u00f3n, se encuentra disponible el personal m\u00e9dico y de enfermer\u00eda de Imsasur. \u201cEn cada jornada, en cada comunidad, en cada asentamiento de las parroquias, nuestro equipo dirigido por el personal de enfermer\u00eda se encargar\u00e1 de llegar a todos los rincones del municipio\u201d.<\/p>\n\n\n\n<p>El plan de vacunaci\u00f3n masivo en el municipio San Francisco, se ejecuta en aras de prevenir enfermedades en todos los habitantes san franciscanos, de all\u00ed la importancia de apegarse a lo establecido por el Gobierno Nacional referente a estas jornadas comunitarias. \u201cAnte cualquier s\u00edntoma, malestar general, fiebre, moco nasal, usted debe dirigirse a su centro de salud m\u00e1s cercano para ser evaluado, incluyendo la sede de Imsasur y el ambulatorio de El Bajo\u201d, culmin\u00f3 Rangel.<br><strong><em>ET \/ Alcald\u00eda de San Francisco<\/em><\/strong><\/p>\n","protected":false},"excerpt":{"rendered":"<p>ENTRE TORMENTAS. Desde la gesti\u00f3n del alcalde Gustavo Fern\u00e1ndez, el \u00e1rea de salud se fortalece&#8230;<\/p>\n","protected":false},"author":2,"featured_media":13854,"comment_status":"closed","ping_status":"open","sticky":false,"template":"","format":"standard","meta":{"footnotes":""},"categories":[1],"tags":[],"class_list":["post-13853","post","type-post","status-publish","format-standard","has-post-thumbnail","hentry","category-regionales"],"_links":{"self":[{"href":"https:\/\/entretormentas.com\/index.php?rest_route=\/wp\/v2\/posts\/13853","targetHints":{"allow":["GET"]}}],"collection":[{"href":"https:\/\/entretormentas.com\/index.php?rest_route=\/wp\/v2\/posts"}],"about":[{"href":"https:\/\/entretormentas.com\/index.php?rest_route=\/wp\/v2\/types\/post"}],"author":[{"embeddable":true,"href":"https:\/\/entretormentas.com\/index.php?rest_route=\/wp\/v2\/users\/2"}],"replies":[{"embeddable":true,"href":"https:\/\/entretormentas.com\/index.php?rest_route=%2Fwp%2Fv2%2Fcomments&post=13853"}],"version-history":[{"count":1,"href":"https:\/\/entretormentas.com\/index.php?rest_route=\/wp\/v2\/posts\/13853\/revisions"}],"predecessor-version":[{"id":13856,"href":"https:\/\/entretormentas.com\/index.php?rest_route=\/wp\/v2\/posts\/13853\/revisions\/13856"}],"wp:featuredmedia":[{"embeddable":true,"href":"https:\/\/entretormentas.com\/index.php?rest_route=\/wp\/v2\/media\/13854"}],"wp:attachment":[{"href":"https:\/\/entretormentas.com\/index.php?rest_route=%2Fwp%2Fv2%2Fmedia&parent=13853"}],"wp:term":[{"taxonomy":"category","embeddable":true,"href":"https:\/\/entretormentas.com\/index.php?rest_route=%2Fwp%2Fv2%2Fcategories&post=13853"},{"taxonomy":"post_tag","embeddable":true,"href":"https:\/\/entretormentas.com\/index.php?rest_route=%2Fwp%2Fv2%2Ftags&post=13853"}],"curies":[{"name":"wp","href":"https:\/\/api.w.org\/{rel}","templated":true}]}}