{"id":13865,"date":"2025-03-07T09:31:14","date_gmt":"2025-03-07T08:31:14","guid":{"rendered":"https:\/\/entretormentas.com\/?p=13865"},"modified":"2025-03-07T09:31:25","modified_gmt":"2025-03-07T08:31:25","slug":"en-el-28-de-diciembre-y-el-24-de-julio-alcaldia-surena-avanza-en-el-plan-de-reasfaltado-y-bacheo-en-la-parroquia-domitila-flores","status":"publish","type":"post","link":"https:\/\/entretormentas.com\/en-el-28-de-diciembre-y-el-24-de-julio-alcaldia-surena-avanza-en-el-plan-de-reasfaltado-y-bacheo-en-la-parroquia-domitila-flores\/","title":{"rendered":"\u00a1EN EL 28 DE DICIEMBRE Y EL 24 DE JULIO! Alcald\u00eda sure\u00f1a avanza en el plan de Reasfaltado y Bacheo en la parroquia Domitila Flores"},"content":{"rendered":"\n<p><strong>ENTRE TORMENTAS. <\/strong>Dando continuidad al Plan de Reasfaltado y Bacheo, se iniciaron los trabajos en la calle 182 con avenida 49FA, precisamente en el puente que l\u00edmita los barrios 24 de Julio y 28 de Diciembre, de la parroquia Domitila Flores, desde donde el alcalde Gustavo Fern\u00e1ndez, junto a gran parte de su equipo de Gobierno, asegur\u00f3 que contin\u00faa activo este plan de trabajo, que se lleva en varias fases, en todo el municipio con el fin de entregarle a los ciudadanos una vialidad rehabilitada integralmente para su libre circulaci\u00f3n.<\/p>\n\n\n\n<p>Fern\u00e1ndez M\u00e9ndez afirm\u00f3, desde la parroquia Domitila Flores, que contin\u00faan en la calle esforz\u00e1ndose por entregar respuestas a los san franciscanos. \u00abNos encontramos en el l\u00edmite entre el barrio 24 de Julio y 28 de Diciembre, este es un puente hist\u00f3rico de esta zona que tiene much\u00edsimos a\u00f1os que no ha sido atendido, tanto que est\u00e1 destruida la pantalla del muro que debe dar protecci\u00f3n a los peatones y veh\u00edculos que por ac\u00e1 transitan\u00bb, manifest\u00f3 el titular municipal.<\/p>\n\n\n\n<p>De acuerdo a este Plan de Reasfaltado y Bacheo \u00abhemos decidido colocar inicialmente unas 60 toneladas de asfalto para darle otra imagen a este puente, por ahora estamos nivelando en esta primera fase, posteriormente comenzaremos a asfaltar, para poder avanzar al barrio 28 de Diciembre, en donde hay varios puntos en los que se debe bachear, con el fin de darle mayor y mejor movilidad a los veh\u00edculos que transitan por todos estos sectores\u00bb, indic\u00f3 Fern\u00e1ndez.<\/p>\n\n\n\n<figure class=\"wp-block-image size-large\"><img fetchpriority=\"high\" decoding=\"async\" width=\"1024\" height=\"682\" src=\"https:\/\/entretormentas.com\/wp-content\/uploads\/2025\/03\/image-101-1024x682.png\" alt=\"\" class=\"wp-image-13867\" srcset=\"https:\/\/entretormentas.com\/wp-content\/uploads\/2025\/03\/image-101-1024x682.png 1024w, https:\/\/entretormentas.com\/wp-content\/uploads\/2025\/03\/image-101-300x200.png 300w, https:\/\/entretormentas.com\/wp-content\/uploads\/2025\/03\/image-101-768x512.png 768w, https:\/\/entretormentas.com\/wp-content\/uploads\/2025\/03\/image-101.png 1280w\" sizes=\"(max-width: 1024px) 100vw, 1024px\" \/><\/figure>\n\n\n\n<p>Adem\u00e1s, el alcalde explic\u00f3 que esta obra tiene un impacto considerable en la zona ya que este puente conecta diversos sectores del municipio, entre ellos el sector Le\u00f3n Mijares, La Muchachera, barrio Democracia, Vereda Callao, El Cocu, 29 de Junio, Mi Esperanza, Estrella del Sur, 24 de Julio y el barrio 28 de Diciembre.<\/p>\n\n\n\n<p>Los trabajos de recuperaci\u00f3n de los otros tres sectores del barrio 24 de Julio, continuar\u00e1n ejecut\u00e1ndose la semana pr\u00f3xima seg\u00fan el<br>compromiso establecido por el Gobernador del Zulia en d\u00edas pasados. \u00abLa Alcald\u00eda se va a ocupar de las calles transversales, para unir las avenidas principales que est\u00e1n en manos de Rosales, el tema del gas en manos del municipio, y nosotros nos vamos a encargar a trav\u00e9s de este plan del reasfaltado y bacheo, de corregir las fallas en la vialidad\u00bb, culmin\u00f3 el alcalde.<\/p>\n\n\n\n<p>Entre los peatones y choferes que transitan a diario por la zona, Samuel Delgado expres\u00f3 que los trabajos son considerados una bendici\u00f3n, ya que ten\u00edan m\u00e1s de 10 a\u00f1os sin recibir asfalto en el sector. \u00abAlcalde gracias por el trabajo que est\u00e1 realizando, me parece excelente\u00bb, expres\u00f3. De igual forma, Juan Cardozo, precis\u00f3 que est\u00e1n muy agradecidos por esta obra, \u00abGracias al alcalde y a Dios por su misericordia, all\u00ed se da\u00f1aron muchos carros, excelente obra\u00bb, finaliz\u00f3.<br><strong><em>ET \/ Alcald\u00eda de San Francisco<\/em><\/strong><\/p>\n","protected":false},"excerpt":{"rendered":"<p>ENTRE TORMENTAS. Dando continuidad al Plan de Reasfaltado y Bacheo, se iniciaron los trabajos en&#8230;<\/p>\n","protected":false},"author":2,"featured_media":13866,"comment_status":"closed","ping_status":"open","sticky":false,"template":"","format":"standard","meta":{"footnotes":""},"categories":[57,1],"tags":[],"class_list":["post-13865","post","type-post","status-publish","format-standard","has-post-thumbnail","hentry","category-actualidad","category-regionales"],"_links":{"self":[{"href":"https:\/\/entretormentas.com\/index.php?rest_route=\/wp\/v2\/posts\/13865","targetHints":{"allow":["GET"]}}],"collection":[{"href":"https:\/\/entretormentas.com\/index.php?rest_route=\/wp\/v2\/posts"}],"about":[{"href":"https:\/\/entretormentas.com\/index.php?rest_route=\/wp\/v2\/types\/post"}],"author":[{"embeddable":true,"href":"https:\/\/entretormentas.com\/index.php?rest_route=\/wp\/v2\/users\/2"}],"replies":[{"embeddable":true,"href":"https:\/\/entretormentas.com\/index.php?rest_route=%2Fwp%2Fv2%2Fcomments&post=13865"}],"version-history":[{"count":1,"href":"https:\/\/entretormentas.com\/index.php?rest_route=\/wp\/v2\/posts\/13865\/revisions"}],"predecessor-version":[{"id":13868,"href":"https:\/\/entretormentas.com\/index.php?rest_route=\/wp\/v2\/posts\/13865\/revisions\/13868"}],"wp:featuredmedia":[{"embeddable":true,"href":"https:\/\/entretormentas.com\/index.php?rest_route=\/wp\/v2\/media\/13866"}],"wp:attachment":[{"href":"https:\/\/entretormentas.com\/index.php?rest_route=%2Fwp%2Fv2%2Fmedia&parent=13865"}],"wp:term":[{"taxonomy":"category","embeddable":true,"href":"https:\/\/entretormentas.com\/index.php?rest_route=%2Fwp%2Fv2%2Fcategories&post=13865"},{"taxonomy":"post_tag","embeddable":true,"href":"https:\/\/entretormentas.com\/index.php?rest_route=%2Fwp%2Fv2%2Ftags&post=13865"}],"curies":[{"name":"wp","href":"https:\/\/api.w.org\/{rel}","templated":true}]}}