{"id":13890,"date":"2025-03-07T09:51:02","date_gmt":"2025-03-07T08:51:02","guid":{"rendered":"https:\/\/entretormentas.com\/?p=13890"},"modified":"2025-03-07T09:51:02","modified_gmt":"2025-03-07T08:51:02","slug":"de-frente-jorge-rodriguez-exhorta-a-aplicar-ley-simon-bolivar-a-quienes-promovieron-nuevas-sanciones","status":"publish","type":"post","link":"https:\/\/entretormentas.com\/de-frente-jorge-rodriguez-exhorta-a-aplicar-ley-simon-bolivar-a-quienes-promovieron-nuevas-sanciones\/","title":{"rendered":"\u00a1DE FRENTE! Jorge Rodr\u00edguez exhorta a aplicar Ley Sim\u00f3n Bol\u00edvar a quienes promovieron nuevas sanciones"},"content":{"rendered":"\n<p><strong>ENTRE TORMENTAS.<\/strong> El presidente de la Asamblea Nacional, Jorge Rodr\u00edguez, exhort\u00f3 al fiscal general de la Rep\u00fablica, Tarek William Saab, a aplicar la Ley Org\u00e1nica Libertador Sim\u00f3n Bol\u00edvar a quienes han promovido las nuevas sanciones contra Venezuela por parte de Estados Unidos (EEUU), rese\u00f1\u00f3 Uni\u00f3n Radio.<\/p>\n\n\n\n<p>\u00abAl revocarle esa licencia a Chevron ocurren varias cosas, pero una de las cosas que ocurre se nos proh\u00edbe a Venezuela pagar las deudas pendientes que tenemos con Chevron, as\u00ed que esa plata pasa a invertirse en nuestra industria petrolera. Quer\u00edamos pagar, pero no nos dejan\u00bb, expres\u00f3 Rodr\u00edguez durante el debate que realiz\u00f3 el Parlamento este jueves en torno a las medidas dictadas por la OFAC.<\/p>\n\n\n\n<p>Asegur\u00f3 que los tel\u00e9fonos no han dejado de sonar con llamadas de traders, pa\u00edses (gobiernos), compradores, consumidores y comerciantes de energ\u00eda, desesperados por sustituir la funci\u00f3n que ven\u00eda ejerciendo la empresa Chevron.<\/p>\n\n\n\n<p>\u00abExhortamos fiscal a que se aplique y que todas y todos aquellos que han promovido estas acciones contra Venezuela paguen con c\u00e1rcel, inhabilitaciones, extinci\u00f3n de dominio, que caiga sobre ellos todo el peso de esta ley y las que hemos aprobado\u00bb, indic\u00f3 Rodr\u00edguez.<br><strong><em>ET \/ Agencias<\/em><\/strong><\/p>\n\n\n\n<p><\/p>\n","protected":false},"excerpt":{"rendered":"<p>ENTRE TORMENTAS. El presidente de la Asamblea Nacional, Jorge Rodr\u00edguez, exhort\u00f3 al fiscal general de&#8230;<\/p>\n","protected":false},"author":2,"featured_media":13891,"comment_status":"closed","ping_status":"open","sticky":false,"template":"","format":"standard","meta":{"footnotes":""},"categories":[56,49],"tags":[],"class_list":["post-13890","post","type-post","status-publish","format-standard","has-post-thumbnail","hentry","category-destacadas","category-nacionales"],"_links":{"self":[{"href":"https:\/\/entretormentas.com\/index.php?rest_route=\/wp\/v2\/posts\/13890","targetHints":{"allow":["GET"]}}],"collection":[{"href":"https:\/\/entretormentas.com\/index.php?rest_route=\/wp\/v2\/posts"}],"about":[{"href":"https:\/\/entretormentas.com\/index.php?rest_route=\/wp\/v2\/types\/post"}],"author":[{"embeddable":true,"href":"https:\/\/entretormentas.com\/index.php?rest_route=\/wp\/v2\/users\/2"}],"replies":[{"embeddable":true,"href":"https:\/\/entretormentas.com\/index.php?rest_route=%2Fwp%2Fv2%2Fcomments&post=13890"}],"version-history":[{"count":1,"href":"https:\/\/entretormentas.com\/index.php?rest_route=\/wp\/v2\/posts\/13890\/revisions"}],"predecessor-version":[{"id":13892,"href":"https:\/\/entretormentas.com\/index.php?rest_route=\/wp\/v2\/posts\/13890\/revisions\/13892"}],"wp:featuredmedia":[{"embeddable":true,"href":"https:\/\/entretormentas.com\/index.php?rest_route=\/wp\/v2\/media\/13891"}],"wp:attachment":[{"href":"https:\/\/entretormentas.com\/index.php?rest_route=%2Fwp%2Fv2%2Fmedia&parent=13890"}],"wp:term":[{"taxonomy":"category","embeddable":true,"href":"https:\/\/entretormentas.com\/index.php?rest_route=%2Fwp%2Fv2%2Fcategories&post=13890"},{"taxonomy":"post_tag","embeddable":true,"href":"https:\/\/entretormentas.com\/index.php?rest_route=%2Fwp%2Fv2%2Ftags&post=13890"}],"curies":[{"name":"wp","href":"https:\/\/api.w.org\/{rel}","templated":true}]}}