{"id":13896,"date":"2025-03-08T10:28:38","date_gmt":"2025-03-08T09:28:38","guid":{"rendered":"https:\/\/entretormentas.com\/?p=13896"},"modified":"2025-03-08T10:28:38","modified_gmt":"2025-03-08T09:28:38","slug":"con-82-expositores-realizan-exposicion-jovenes-artistas-en-el-museo-de-artes-graficas-luis-chacon","status":"publish","type":"post","link":"https:\/\/entretormentas.com\/con-82-expositores-realizan-exposicion-jovenes-artistas-en-el-museo-de-artes-graficas-luis-chacon\/","title":{"rendered":"\u00a1CON 82 EXPOSITORES! Realizan Exposici\u00f3n J\u00f3venes Artistas en el museo de artes gr\u00e1ficas Luis Chac\u00f3n"},"content":{"rendered":"\n<p><strong>ENTRE TORMENTAS.<\/strong> En el marco del D\u00eda de la Juventud, la Alcald\u00eda de Maracaibo a trav\u00e9s de la direcci\u00f3n de Cultura inaugur\u00f3 la exposici\u00f3n J\u00f3venes Artistas, en el museo de artes gr\u00e1ficas Luis Chac\u00f3n. El evento reuni\u00f3 a 82 talentosos j\u00f3venes de la Facultad de Arquitectura y Dise\u00f1o de la Universidad del Zulia (FAD), de la Facultad Experimental de Artes (FEDA), Tecnol\u00f3gico Readic UNIR y la Universidad Rafael Belloso Chac\u00edn (URBE), quienes presentaron un total de 92 obras que reflejan su creatividad y pasi\u00f3n por el arte.<\/p>\n\n\n\n<p>M\u00e1s de 250 personas asistieron a esta cita cultural, entre los que estuvieron el presidente del Concejo Municipal de Maracaibo, Omar Molina; la directora del Teatro Bellas Artes Ateneo de Maracaibo, Liliana Blanco; la de decana de la FEDA, Juliana Mar\u00edn; el director de la escuela de Dise\u00f1o Gr\u00e1fico de URBE, Luis Gonz\u00e1lez; la coordinadora acad\u00e9mica del UNIR, Joiseline Luzardo; el coordinador de eventos del UNIR, Pedro D\u00e1vila; otros invitados especiales y p\u00fablico en general que disfrutaron de una amplia variedad de estilos y t\u00e9cnicas art\u00edsticas, desde la pintura hasta la fotograf\u00eda y el arte digital.<\/p>\n\n\n\n<p>La exposici\u00f3n la inici\u00f3 el grupo de danzas urbanas, NovaCrew, quienes deleitaron al p\u00fablico con una muestra de baile llena de energ\u00eda, juventud y creatividad.<\/p>\n\n\n\n<figure class=\"wp-block-image size-large\"><img fetchpriority=\"high\" decoding=\"async\" width=\"1024\" height=\"576\" src=\"https:\/\/entretormentas.com\/wp-content\/uploads\/2025\/03\/image-114-1024x576.png\" alt=\"\" class=\"wp-image-13898\" srcset=\"https:\/\/entretormentas.com\/wp-content\/uploads\/2025\/03\/image-114-1024x576.png 1024w, https:\/\/entretormentas.com\/wp-content\/uploads\/2025\/03\/image-114-300x169.png 300w, https:\/\/entretormentas.com\/wp-content\/uploads\/2025\/03\/image-114-768x432.png 768w, https:\/\/entretormentas.com\/wp-content\/uploads\/2025\/03\/image-114.png 1280w\" sizes=\"(max-width: 1024px) 100vw, 1024px\" \/><\/figure>\n\n\n\n<p>La directora de Cultura, Malena Soto, expres\u00f3 su entusiasmo y orgullo por la calidad y diversidad de las obras presentadas. \u201cEs un honor para nosotros apoyar y promover el talento de estos j\u00f3venes artistas que representan el futuro del arte en nuestra ciudad. Esta exposici\u00f3n es una muestra de su dedicaci\u00f3n y creatividad, y estamos seguros de que seguir\u00e1n cosechando \u00e9xitos en el mundo art\u00edstico\u201d.<\/p>\n\n\n\n<p>Mar\u00eda Urdaneta, joven participante calific\u00f3 de \u201chonor\u201d el exponer junto a otros j\u00f3venes creativos y talentosos. \u201cTener la oportunidad de participar en la promoci\u00f3n de la cultura y arte local es especial para m\u00ed. Celebramos el esp\u00edritu luchador y perseverante que caracteriza a la juventud venezolana. Espero que sigan surgiendo iniciativas en pos de la integraci\u00f3n de los j\u00f3venes a la cultura popular de nuestra ciudad\u201d.<\/p>\n\n\n\n<p>Uno de los artistas participantes, Jos\u00e9 Valle, comparti\u00f3 su experiencia. \u201cParticipar en una exposici\u00f3n por primera vez en un museo tan importante de la ciudad. Ha sido una oportunidad incre\u00edble para mostrar mi trabajo y conectarme con otros artistas j\u00f3venes. Agradezco a la Alcald\u00eda de Maracaibo y a la Direcci\u00f3n de Cultura por brindarnos este espacio para expresarnos y crecer como artistas\u201d, destac\u00f3.<br><strong><em>ET \/ DCI Alcald\u00eda de Maracaibo<\/em><\/strong><\/p>\n","protected":false},"excerpt":{"rendered":"<p>ENTRE TORMENTAS. En el marco del D\u00eda de la Juventud, la Alcald\u00eda de Maracaibo a&#8230;<\/p>\n","protected":false},"author":2,"featured_media":13897,"comment_status":"closed","ping_status":"open","sticky":false,"template":"","format":"standard","meta":{"footnotes":""},"categories":[57,1],"tags":[],"class_list":["post-13896","post","type-post","status-publish","format-standard","has-post-thumbnail","hentry","category-actualidad","category-regionales"],"_links":{"self":[{"href":"https:\/\/entretormentas.com\/index.php?rest_route=\/wp\/v2\/posts\/13896","targetHints":{"allow":["GET"]}}],"collection":[{"href":"https:\/\/entretormentas.com\/index.php?rest_route=\/wp\/v2\/posts"}],"about":[{"href":"https:\/\/entretormentas.com\/index.php?rest_route=\/wp\/v2\/types\/post"}],"author":[{"embeddable":true,"href":"https:\/\/entretormentas.com\/index.php?rest_route=\/wp\/v2\/users\/2"}],"replies":[{"embeddable":true,"href":"https:\/\/entretormentas.com\/index.php?rest_route=%2Fwp%2Fv2%2Fcomments&post=13896"}],"version-history":[{"count":1,"href":"https:\/\/entretormentas.com\/index.php?rest_route=\/wp\/v2\/posts\/13896\/revisions"}],"predecessor-version":[{"id":13899,"href":"https:\/\/entretormentas.com\/index.php?rest_route=\/wp\/v2\/posts\/13896\/revisions\/13899"}],"wp:featuredmedia":[{"embeddable":true,"href":"https:\/\/entretormentas.com\/index.php?rest_route=\/wp\/v2\/media\/13897"}],"wp:attachment":[{"href":"https:\/\/entretormentas.com\/index.php?rest_route=%2Fwp%2Fv2%2Fmedia&parent=13896"}],"wp:term":[{"taxonomy":"category","embeddable":true,"href":"https:\/\/entretormentas.com\/index.php?rest_route=%2Fwp%2Fv2%2Fcategories&post=13896"},{"taxonomy":"post_tag","embeddable":true,"href":"https:\/\/entretormentas.com\/index.php?rest_route=%2Fwp%2Fv2%2Ftags&post=13896"}],"curies":[{"name":"wp","href":"https:\/\/api.w.org\/{rel}","templated":true}]}}