{"id":13904,"date":"2025-03-08T10:35:05","date_gmt":"2025-03-08T09:35:05","guid":{"rendered":"https:\/\/entretormentas.com\/?p=13904"},"modified":"2025-03-08T10:35:06","modified_gmt":"2025-03-08T09:35:06","slug":"en-la-plaza-de-ma-republica-alcaldia-conmemora-dia-internacional-de-la-mujer-con-caminata-violeta-feria-y-encendido-del-obelisco","status":"publish","type":"post","link":"https:\/\/entretormentas.com\/en-la-plaza-de-ma-republica-alcaldia-conmemora-dia-internacional-de-la-mujer-con-caminata-violeta-feria-y-encendido-del-obelisco\/","title":{"rendered":"\u00a1EN LA PLAZA DE MA REP\u00daBLICA! Alcald\u00eda conmemora D\u00eda Internacional de la Mujer con caminata violeta, feria y encendido del obelisco"},"content":{"rendered":"\n<p><strong>ENTRE TORMENTAS. <\/strong>Maracaibo conmemora el 8 de marzo, D\u00eda Internacional de la Mujer, con destacadas actividades, pensadas en reconocer la fuerza, la resiliencia y los logros de las mujeres, adem\u00e1s, en reflexionar la lucha continua por la igualdad de oportunidades y derechos.<\/p>\n\n\n\n<p>La Alcald\u00eda de Maracaibo, a trav\u00e9s del Instituto Municipal para la Mujer e Igualdad de G\u00e9nero (IMMIG), iniciar\u00e1 la jornada con la caminata Pasos de Sororidad, cuyo punto de partida ser\u00e1 a las 5.00 de la tarde en el centro comercial Ol\u00edmpico y culminar\u00e1 en la Plaza de la Rep\u00fablica.<\/p>\n\n\n\n<p>\u201cAnimamos a todas las mujeres marabinas a participar en la caminata, llevando una prenda color violeta y carteles con mensajes sobre los derechos de las mujeres y la igualdad de g\u00e9nero. Alcemos nuestra voz, recordemos que juntas somos m\u00e1s fuertes\u201d, se\u00f1al\u00f3 Dangela Barroso, presidenta del IMMIG.<\/p>\n\n\n\n<figure class=\"wp-block-image size-large\"><img fetchpriority=\"high\" decoding=\"async\" width=\"819\" height=\"1024\" src=\"https:\/\/entretormentas.com\/wp-content\/uploads\/2025\/03\/image-118-819x1024.png\" alt=\"\" class=\"wp-image-13906\" srcset=\"https:\/\/entretormentas.com\/wp-content\/uploads\/2025\/03\/image-118-819x1024.png 819w, https:\/\/entretormentas.com\/wp-content\/uploads\/2025\/03\/image-118-240x300.png 240w, https:\/\/entretormentas.com\/wp-content\/uploads\/2025\/03\/image-118-768x960.png 768w, https:\/\/entretormentas.com\/wp-content\/uploads\/2025\/03\/image-118-1024x1280.png 1024w, https:\/\/entretormentas.com\/wp-content\/uploads\/2025\/03\/image-118.png 1080w\" sizes=\"(max-width: 819px) 100vw, 819px\" \/><\/figure>\n\n\n\n<p>Posteriormente, a las 6.00 de la tarde, se llevar\u00e1 a cabo la Feria D\u00eda Internacional de la Mujer en la reconocida plaza. El evento contar\u00e1 con m\u00fasica en vivo, stands de emprendedoras y de servicios de la Alcald\u00eda de Maracaibo, as\u00ed como de diversas organizaciones sociales que trabajan en pro de los derechos humanos de las mujeres.<\/p>\n\n\n\n<p>Adem\u00e1s, se realizar\u00e1 el encendido violeta del emblem\u00e1tico obelisco como un s\u00edmbolo de apoyo y reconocimiento a las mujeres.<\/p>\n\n\n\n<p>Entre las organizaciones sociales que participar\u00e1n se encuentran: el Fondo de Poblaci\u00f3n de las Naciones Unidas (UNFPA), Aliadas en Cadena, CESVI, el Alto Comisionado de las Naciones Unidas para los Refugiados (ACNUR), C\u00e1ritas, Red Mujeres Zulia, Proyecto Mujeres, Aya Contigo, Cruz Roja, Azul Positivo, Rehabilitarte, la Organizaci\u00f3n Internacional para las Migraciones (OIM), Women Riots, Fundaci\u00f3n Cairus, Aldeas Infantiles SOS Venezuela, Vitala Global, Hias, Acci\u00f3n contra el Hambre, entre otras.<\/p>\n\n\n\n<p>\u201cEl D\u00eda Internacional de la Mujer es una fecha para conmemorar y resaltar la invaluable contribuci\u00f3n de las mujeres en todos los \u00e1mbitos de la sociedad. Es un recordatorio de que debemos seguir trabajando juntos para lograr una verdadera igualdad de g\u00e9nero. Invitamos a todas las marabinas a unirse a estas actividades que promueven su participaci\u00f3n activa en la ciudad\u201d, indic\u00f3 Barroso.<br><strong><em>ET \/ DCI Alcald\u00eda de Maracaibo<\/em><\/strong><\/p>\n","protected":false},"excerpt":{"rendered":"<p>ENTRE TORMENTAS. Maracaibo conmemora el 8 de marzo, D\u00eda Internacional de la Mujer, con destacadas&#8230;<\/p>\n","protected":false},"author":2,"featured_media":13905,"comment_status":"closed","ping_status":"open","sticky":false,"template":"","format":"standard","meta":{"footnotes":""},"categories":[57,1],"tags":[],"class_list":["post-13904","post","type-post","status-publish","format-standard","has-post-thumbnail","hentry","category-actualidad","category-regionales"],"_links":{"self":[{"href":"https:\/\/entretormentas.com\/index.php?rest_route=\/wp\/v2\/posts\/13904","targetHints":{"allow":["GET"]}}],"collection":[{"href":"https:\/\/entretormentas.com\/index.php?rest_route=\/wp\/v2\/posts"}],"about":[{"href":"https:\/\/entretormentas.com\/index.php?rest_route=\/wp\/v2\/types\/post"}],"author":[{"embeddable":true,"href":"https:\/\/entretormentas.com\/index.php?rest_route=\/wp\/v2\/users\/2"}],"replies":[{"embeddable":true,"href":"https:\/\/entretormentas.com\/index.php?rest_route=%2Fwp%2Fv2%2Fcomments&post=13904"}],"version-history":[{"count":1,"href":"https:\/\/entretormentas.com\/index.php?rest_route=\/wp\/v2\/posts\/13904\/revisions"}],"predecessor-version":[{"id":13907,"href":"https:\/\/entretormentas.com\/index.php?rest_route=\/wp\/v2\/posts\/13904\/revisions\/13907"}],"wp:featuredmedia":[{"embeddable":true,"href":"https:\/\/entretormentas.com\/index.php?rest_route=\/wp\/v2\/media\/13905"}],"wp:attachment":[{"href":"https:\/\/entretormentas.com\/index.php?rest_route=%2Fwp%2Fv2%2Fmedia&parent=13904"}],"wp:term":[{"taxonomy":"category","embeddable":true,"href":"https:\/\/entretormentas.com\/index.php?rest_route=%2Fwp%2Fv2%2Fcategories&post=13904"},{"taxonomy":"post_tag","embeddable":true,"href":"https:\/\/entretormentas.com\/index.php?rest_route=%2Fwp%2Fv2%2Ftags&post=13904"}],"curies":[{"name":"wp","href":"https:\/\/api.w.org\/{rel}","templated":true}]}}