{"id":13917,"date":"2025-03-08T10:43:49","date_gmt":"2025-03-08T09:43:49","guid":{"rendered":"https:\/\/entretormentas.com\/?p=13917"},"modified":"2025-03-08T10:43:50","modified_gmt":"2025-03-08T09:43:50","slug":"sigue-bajo-investigacion-liberan-a-roman-camacho-aunque-tiene-prohibicion-de-hablar-sobre-su-caso","status":"publish","type":"post","link":"https:\/\/entretormentas.com\/sigue-bajo-investigacion-liberan-a-roman-camacho-aunque-tiene-prohibicion-de-hablar-sobre-su-caso\/","title":{"rendered":"\u00a1SIGUE BAJO INVESTIGACI\u00d3N! Liberan a Rom\u00e1n Camacho, aunque tiene prohibici\u00f3n de hablar sobre su caso"},"content":{"rendered":"\n<p><strong>ENTRE TORMENTAS. <\/strong>El periodista Rom\u00e1n Camacho fue liberado la madrugada de este viernes luego de permanecer detenido desde el pasado martes, tras haberse presentado voluntariamente ante las autoridades por una investigaci\u00f3n.<\/p>\n\n\n\n<p>\u00abYa en casa, gracias a todos por su apoyo y sus mensajes de aliento. Me voy a tomar este fin de semana para pasarlo junto a mi familia poner todo en orden y seguir en lo que amo\u00bb, escribi\u00f3 el comunicador en su cuenta en X (anteriormente Twitter) a la 1:16 am de este viernes.<\/p>\n\n\n\n<p>Camacho agreg\u00f3 que la investigaci\u00f3n contin\u00faa y recalc\u00f3 que no debe hablar sobre el caso, ya que el mismo contin\u00faa en investigaci\u00f3n.<br><strong><em>ET \/ Contrapunto<\/em><\/strong><\/p>\n","protected":false},"excerpt":{"rendered":"<p>ENTRE TORMENTAS. El periodista Rom\u00e1n Camacho fue liberado la madrugada de este viernes luego de&#8230;<\/p>\n","protected":false},"author":2,"featured_media":13918,"comment_status":"closed","ping_status":"open","sticky":false,"template":"","format":"standard","meta":{"footnotes":""},"categories":[56,49],"tags":[],"class_list":["post-13917","post","type-post","status-publish","format-standard","has-post-thumbnail","hentry","category-destacadas","category-nacionales"],"_links":{"self":[{"href":"https:\/\/entretormentas.com\/index.php?rest_route=\/wp\/v2\/posts\/13917","targetHints":{"allow":["GET"]}}],"collection":[{"href":"https:\/\/entretormentas.com\/index.php?rest_route=\/wp\/v2\/posts"}],"about":[{"href":"https:\/\/entretormentas.com\/index.php?rest_route=\/wp\/v2\/types\/post"}],"author":[{"embeddable":true,"href":"https:\/\/entretormentas.com\/index.php?rest_route=\/wp\/v2\/users\/2"}],"replies":[{"embeddable":true,"href":"https:\/\/entretormentas.com\/index.php?rest_route=%2Fwp%2Fv2%2Fcomments&post=13917"}],"version-history":[{"count":1,"href":"https:\/\/entretormentas.com\/index.php?rest_route=\/wp\/v2\/posts\/13917\/revisions"}],"predecessor-version":[{"id":13919,"href":"https:\/\/entretormentas.com\/index.php?rest_route=\/wp\/v2\/posts\/13917\/revisions\/13919"}],"wp:featuredmedia":[{"embeddable":true,"href":"https:\/\/entretormentas.com\/index.php?rest_route=\/wp\/v2\/media\/13918"}],"wp:attachment":[{"href":"https:\/\/entretormentas.com\/index.php?rest_route=%2Fwp%2Fv2%2Fmedia&parent=13917"}],"wp:term":[{"taxonomy":"category","embeddable":true,"href":"https:\/\/entretormentas.com\/index.php?rest_route=%2Fwp%2Fv2%2Fcategories&post=13917"},{"taxonomy":"post_tag","embeddable":true,"href":"https:\/\/entretormentas.com\/index.php?rest_route=%2Fwp%2Fv2%2Ftags&post=13917"}],"curies":[{"name":"wp","href":"https:\/\/api.w.org\/{rel}","templated":true}]}}