{"id":13938,"date":"2025-03-09T11:09:23","date_gmt":"2025-03-09T10:09:23","guid":{"rendered":"https:\/\/entretormentas.com\/?p=13938"},"modified":"2025-03-09T11:09:24","modified_gmt":"2025-03-09T10:09:24","slug":"buscan-a-otro-nino-hallan-el-cuerpo-de-un-menor-de-edad-reportados-como-desaparecidos-en-el-bajo","status":"publish","type":"post","link":"https:\/\/entretormentas.com\/buscan-a-otro-nino-hallan-el-cuerpo-de-un-menor-de-edad-reportados-como-desaparecidos-en-el-bajo\/","title":{"rendered":"\u00a1BUSCAN A OTRO NI\u00d1O! Hallan el cuerpo de un menor de edad reportados como desaparecidos en El Bajo"},"content":{"rendered":"\n<p><strong>ENTRE TORMENTAS. <\/strong>A las 6:00 de la tarde, de este s\u00e1bado 8 de marzo, habitantes del sector El Bajo del municipio San Francisco, en el estado Zulia, reportaron la desaparici\u00f3n de dos menores de edad en el Lago de Maracaibo.<\/p>\n\n\n\n<p>De forma inmediata, la divisi\u00f3n Lacustre de la Polic\u00eda Nacional Bolivariana (PNB) inici\u00f3 la b\u00fasqueda de un infante de seis a\u00f1os y otro de 16 aproximadamente.<\/p>\n\n\n\n<p>En horas de la noche fue hallado el primer cuerpo sin vida en las riberas del Lago. Se tratar\u00eda del adolescente identificado como Yermey Chacin, de 16 a\u00f1os.<\/p>\n\n\n\n<p>Las autoridades contin\u00faan la b\u00fasqueda del infante de seis. La Brigada de Emergencia de la Polic\u00eda Nacional Bolivariana hace recorrido en el sitio del suceso.<br><strong><em>ET \/ NAD<\/em><\/strong><\/p>\n","protected":false},"excerpt":{"rendered":"<p>ENTRE TORMENTAS. A las 6:00 de la tarde, de este s\u00e1bado 8 de marzo, habitantes&#8230;<\/p>\n","protected":false},"author":2,"featured_media":13939,"comment_status":"closed","ping_status":"open","sticky":false,"template":"","format":"standard","meta":{"footnotes":""},"categories":[57,52],"tags":[],"class_list":["post-13938","post","type-post","status-publish","format-standard","has-post-thumbnail","hentry","category-actualidad","category-sucesos"],"_links":{"self":[{"href":"https:\/\/entretormentas.com\/index.php?rest_route=\/wp\/v2\/posts\/13938","targetHints":{"allow":["GET"]}}],"collection":[{"href":"https:\/\/entretormentas.com\/index.php?rest_route=\/wp\/v2\/posts"}],"about":[{"href":"https:\/\/entretormentas.com\/index.php?rest_route=\/wp\/v2\/types\/post"}],"author":[{"embeddable":true,"href":"https:\/\/entretormentas.com\/index.php?rest_route=\/wp\/v2\/users\/2"}],"replies":[{"embeddable":true,"href":"https:\/\/entretormentas.com\/index.php?rest_route=%2Fwp%2Fv2%2Fcomments&post=13938"}],"version-history":[{"count":1,"href":"https:\/\/entretormentas.com\/index.php?rest_route=\/wp\/v2\/posts\/13938\/revisions"}],"predecessor-version":[{"id":13940,"href":"https:\/\/entretormentas.com\/index.php?rest_route=\/wp\/v2\/posts\/13938\/revisions\/13940"}],"wp:featuredmedia":[{"embeddable":true,"href":"https:\/\/entretormentas.com\/index.php?rest_route=\/wp\/v2\/media\/13939"}],"wp:attachment":[{"href":"https:\/\/entretormentas.com\/index.php?rest_route=%2Fwp%2Fv2%2Fmedia&parent=13938"}],"wp:term":[{"taxonomy":"category","embeddable":true,"href":"https:\/\/entretormentas.com\/index.php?rest_route=%2Fwp%2Fv2%2Fcategories&post=13938"},{"taxonomy":"post_tag","embeddable":true,"href":"https:\/\/entretormentas.com\/index.php?rest_route=%2Fwp%2Fv2%2Ftags&post=13938"}],"curies":[{"name":"wp","href":"https:\/\/api.w.org\/{rel}","templated":true}]}}