{"id":13945,"date":"2025-03-09T11:15:17","date_gmt":"2025-03-09T10:15:17","guid":{"rendered":"https:\/\/entretormentas.com\/?p=13945"},"modified":"2025-03-09T11:15:18","modified_gmt":"2025-03-09T10:15:18","slug":"diplomacia-en-crisis-venezuela-reitera-que-hara-respetar-sus-derechos-sobre-el-esequibo","status":"publish","type":"post","link":"https:\/\/entretormentas.com\/diplomacia-en-crisis-venezuela-reitera-que-hara-respetar-sus-derechos-sobre-el-esequibo\/","title":{"rendered":"\u00a1DIPLOMACIA EN CRISIS! Venezuela reitera que har\u00e1 respetar sus derechos sobre el Esequibo"},"content":{"rendered":"\n<p><strong>ENTRE TORMENTAS.<\/strong> Venezuela reiter\u00f3 que har\u00e1 respetar sus reclamados derechos sobre el Esequibo, el territorio de unos 160 mil kil\u00f3metros cuadrados rico en petr\u00f3leo y otros recursos naturales que se disputa con Guyana, y donde el Gobierno venezolano planea elegir el pr\u00f3ximo mayo a su primer gobernador.<\/p>\n\n\n\n<p>\u00abEso es territorio de Venezuela y lo que sea territorio de Venezuela lo vamos a hacer respetar. Ellos lo saben, Guyana lo sabe\u00bb, dijo el titular de Interior y Justicia, Diosdado Cabello, en un programa transmitido en Youtube.<\/p>\n\n\n\n<p>En ese sentido, el funcionario dijo que \u00abest\u00e1 muy claro\u00bb que \u00abtodo lo que est\u00e9 del margen oeste del r\u00edo Esequibo para ac\u00e1 es Venezuela\u00bb.<\/p>\n\n\n\n<p>\u00abLo que es nuestro no nos lo va a quitar nadie, estamos en paz con la misi\u00f3n que vamos a cumplir y que estamos cumpliendo\u00bb, expres\u00f3 el ministro.<\/p>\n\n\n\n<p>Adem\u00e1s, Cabello defendi\u00f3 como \u00abun acto de soberan\u00eda\u00bb la custodia que lleva a cabo la Fuerza Armada Nacional Bolivariana (FANB) en las fronteras, y rechaz\u00f3 unas recientes declaraciones del secretario general de la Organizaci\u00f3n de los Estados Americanos (OEA), Luis Almagro, quien denunci\u00f3 el domingo \u00abdespliegues militares\u00bb venezolanos en una \u00abzona econ\u00f3mica exclusiva de Guyana\u00bb.<br><strong><em>ET \/ Agencias<\/em><\/strong><\/p>\n","protected":false},"excerpt":{"rendered":"<p>ENTRE TORMENTAS. Venezuela reiter\u00f3 que har\u00e1 respetar sus reclamados derechos sobre el Esequibo, el territorio&#8230;<\/p>\n","protected":false},"author":2,"featured_media":13946,"comment_status":"closed","ping_status":"open","sticky":false,"template":"","format":"standard","meta":{"footnotes":""},"categories":[49],"tags":[],"class_list":["post-13945","post","type-post","status-publish","format-standard","has-post-thumbnail","hentry","category-nacionales"],"_links":{"self":[{"href":"https:\/\/entretormentas.com\/index.php?rest_route=\/wp\/v2\/posts\/13945","targetHints":{"allow":["GET"]}}],"collection":[{"href":"https:\/\/entretormentas.com\/index.php?rest_route=\/wp\/v2\/posts"}],"about":[{"href":"https:\/\/entretormentas.com\/index.php?rest_route=\/wp\/v2\/types\/post"}],"author":[{"embeddable":true,"href":"https:\/\/entretormentas.com\/index.php?rest_route=\/wp\/v2\/users\/2"}],"replies":[{"embeddable":true,"href":"https:\/\/entretormentas.com\/index.php?rest_route=%2Fwp%2Fv2%2Fcomments&post=13945"}],"version-history":[{"count":1,"href":"https:\/\/entretormentas.com\/index.php?rest_route=\/wp\/v2\/posts\/13945\/revisions"}],"predecessor-version":[{"id":13947,"href":"https:\/\/entretormentas.com\/index.php?rest_route=\/wp\/v2\/posts\/13945\/revisions\/13947"}],"wp:featuredmedia":[{"embeddable":true,"href":"https:\/\/entretormentas.com\/index.php?rest_route=\/wp\/v2\/media\/13946"}],"wp:attachment":[{"href":"https:\/\/entretormentas.com\/index.php?rest_route=%2Fwp%2Fv2%2Fmedia&parent=13945"}],"wp:term":[{"taxonomy":"category","embeddable":true,"href":"https:\/\/entretormentas.com\/index.php?rest_route=%2Fwp%2Fv2%2Fcategories&post=13945"},{"taxonomy":"post_tag","embeddable":true,"href":"https:\/\/entretormentas.com\/index.php?rest_route=%2Fwp%2Fv2%2Ftags&post=13945"}],"curies":[{"name":"wp","href":"https:\/\/api.w.org\/{rel}","templated":true}]}}