{"id":13948,"date":"2025-03-09T11:17:47","date_gmt":"2025-03-09T10:17:47","guid":{"rendered":"https:\/\/entretormentas.com\/?p=13948"},"modified":"2025-03-09T11:17:47","modified_gmt":"2025-03-09T10:17:47","slug":"estado-de-salud-papa-francisco-registra-ligera-mejoria-gradual","status":"publish","type":"post","link":"https:\/\/entretormentas.com\/estado-de-salud-papa-francisco-registra-ligera-mejoria-gradual\/","title":{"rendered":"\u00a1ESTADO DE SALUD! Papa Francisco registra ligera mejor\u00eda gradual"},"content":{"rendered":"\n<p><strong>ENTRE TORMENTAS.<\/strong> \u00abEl estado cl\u00ednico del Santo Padre en los \u00faltimos d\u00edas se ha mantenido estable y, en consecuencia, muestra una buena respuesta a la terapia. Se observa, por tanto, una ligera mejor\u00eda gradual\u201d, informaron este s\u00e1bado las autoridades de El Vaticano, sobre las condiciones de salud del Papa Francisco.<\/p>\n\n\n\n<p>\u201cEl Santo Padre ha permanecido sin fiebre en todo momento. El intercambio gaseoso ha mejorado; los ex\u00e1menes hematoqu\u00edmicos y hemocitom\u00e9tricos son estables\u201d, explicaron en el parte m\u00e9dico de la jornada. Los m\u00e9dicos, para dejar constancia de estas primeras mejoras en los pr\u00f3ximos d\u00edas, mantienen prudentemente el \u201cpron\u00f3stico a\u00fan reservado\u201d.<\/p>\n\n\n\n<p>Informaron las autoridades que en la ma\u00f1ana del s\u00e1bado, tras recibir la Eucarist\u00eda, el Santo Padre se ha recogido en oraci\u00f3n en la capilla de su piso particular, mientras que por la tarde ha alternado descanso y actividades laborales.<\/p>\n\n\n\n<p>El bolet\u00edn de la Oficina de Prensa de la Santa Sede, difundido en la tarde del s\u00e1bado 8 de marzo, da cuenta, as\u00ed, sobre el estado de salud del Papa Francisco, hospitalizado desde el 14 de febrero en el Policl\u00ednico \u00abAgostino Gemelli\u00bb de Roma.<\/p>\n\n\n\n<p>Agenda del pont\u00edfice<br>Como estaba previsto, el Papa, tras la oxigenaci\u00f3n de alto flujo con c\u00e1nulas nasales durante el d\u00eda, pasa a ventilaci\u00f3n mec\u00e1nica no invasiva durante la noche.<\/p>\n\n\n\n<p>El Papa seguir\u00e1 los ejercicios espirituales, que comienzan este domingo, en comuni\u00f3n espiritual con la Curia Romana. El texto del \u00c1ngelus del Papa ser\u00e1 retransmitido como en los \u00faltimos domingos.<\/p>\n\n\n\n<p>\u00abEs posible que ma\u00f1ana (domingo) no se publique un bolet\u00edn m\u00e9dico, dada la estabilidad del cuadro cl\u00ednico, pero la Sala de Prensa vaticana seguir\u00e1 dando informaci\u00f3n a los periodistas\u00bb, inform\u00f3 el parte.<br><strong><em>ET \/ Vatican News<\/em><\/strong><\/p>\n","protected":false},"excerpt":{"rendered":"<p>ENTRE TORMENTAS. \u00abEl estado cl\u00ednico del Santo Padre en los \u00faltimos d\u00edas se ha mantenido&#8230;<\/p>\n","protected":false},"author":2,"featured_media":13949,"comment_status":"closed","ping_status":"open","sticky":false,"template":"","format":"standard","meta":{"footnotes":""},"categories":[56,48],"tags":[],"class_list":["post-13948","post","type-post","status-publish","format-standard","has-post-thumbnail","hentry","category-destacadas","category-internacionales"],"_links":{"self":[{"href":"https:\/\/entretormentas.com\/index.php?rest_route=\/wp\/v2\/posts\/13948","targetHints":{"allow":["GET"]}}],"collection":[{"href":"https:\/\/entretormentas.com\/index.php?rest_route=\/wp\/v2\/posts"}],"about":[{"href":"https:\/\/entretormentas.com\/index.php?rest_route=\/wp\/v2\/types\/post"}],"author":[{"embeddable":true,"href":"https:\/\/entretormentas.com\/index.php?rest_route=\/wp\/v2\/users\/2"}],"replies":[{"embeddable":true,"href":"https:\/\/entretormentas.com\/index.php?rest_route=%2Fwp%2Fv2%2Fcomments&post=13948"}],"version-history":[{"count":1,"href":"https:\/\/entretormentas.com\/index.php?rest_route=\/wp\/v2\/posts\/13948\/revisions"}],"predecessor-version":[{"id":13950,"href":"https:\/\/entretormentas.com\/index.php?rest_route=\/wp\/v2\/posts\/13948\/revisions\/13950"}],"wp:featuredmedia":[{"embeddable":true,"href":"https:\/\/entretormentas.com\/index.php?rest_route=\/wp\/v2\/media\/13949"}],"wp:attachment":[{"href":"https:\/\/entretormentas.com\/index.php?rest_route=%2Fwp%2Fv2%2Fmedia&parent=13948"}],"wp:term":[{"taxonomy":"category","embeddable":true,"href":"https:\/\/entretormentas.com\/index.php?rest_route=%2Fwp%2Fv2%2Fcategories&post=13948"},{"taxonomy":"post_tag","embeddable":true,"href":"https:\/\/entretormentas.com\/index.php?rest_route=%2Fwp%2Fv2%2Ftags&post=13948"}],"curies":[{"name":"wp","href":"https:\/\/api.w.org\/{rel}","templated":true}]}}