{"id":13954,"date":"2025-03-09T11:21:46","date_gmt":"2025-03-09T10:21:46","guid":{"rendered":"https:\/\/entretormentas.com\/?p=13954"},"modified":"2025-03-09T11:21:47","modified_gmt":"2025-03-09T10:21:47","slug":"antes-de-las-elecciones-anuncian-que-del-10-hasta-el-14-mar-se-podra-renovar-la-cedula-sin-cita","status":"publish","type":"post","link":"https:\/\/entretormentas.com\/antes-de-las-elecciones-anuncian-que-del-10-hasta-el-14-mar-se-podra-renovar-la-cedula-sin-cita\/","title":{"rendered":"\u00a1ANTES DE LAS ELECCIONES! Anuncian que del 10 hasta el 14-Mar se podr\u00e1 renovar la c\u00e9dula sin cita"},"content":{"rendered":"\n<p><strong>ENTRE TORMENTAS. <\/strong>El Servicio Administrativo de Identificaci\u00f3n, Migraci\u00f3n y Extranjer\u00eda (Saime) anunci\u00f3 que, desde este lunes 10 y hasta el viernes 14 de marzo, se llevar\u00e1 a cabo el operativo de cedulaci\u00f3n sin tener que hacer la cita en todas las oficinas del pa\u00eds, rese\u00f1\u00f3 Mundo UR.<\/p>\n\n\n\n<p>A trav\u00e9s de Instagram, el Saime indic\u00f3 que las jornadas de cedulaci\u00f3n inician a las 8:00 am hasta las 4:00 pm; donde mayores de 18 a\u00f1os podr\u00e1n ir a las sedes a realizar el tr\u00e1mite.<\/p>\n\n\n\n<p>De igual forma, indicaron que las jornadas sabatinas se mantienen activas.<\/p>\n\n\n\n<p>Desde el 3 de febrero, el Saime lleva a cabo a cabo jornadas masivas de cedulaci\u00f3n en todas las oficinas distribuidas en todo el pa\u00eds.<\/p>\n\n\n\n<p>A trav\u00e9s de sus redes sociales, el Saime indic\u00f3 que estas jornadas de cedulaci\u00f3n obedecen a que el pr\u00f3ximo 25 de mayo est\u00e1 prevista la realizaci\u00f3n de elecciones parlamentarias y regionales.<\/p>\n\n\n\n<p>La instituci\u00f3n record\u00f3 que los venezolanos que deseen sacar su c\u00e9dula de identidad deben inscribirse a trav\u00e9s del portal en internet a fin de sacar la cita correspondiente durante los d\u00edas de semana, en un horario de atenci\u00f3n comprendido desde las 8:00 am hasta las 6:00 pm.<br><strong><em>ET \/ Agencias<\/em><\/strong><\/p>\n","protected":false},"excerpt":{"rendered":"<p>ENTRE TORMENTAS. El Servicio Administrativo de Identificaci\u00f3n, Migraci\u00f3n y Extranjer\u00eda (Saime) anunci\u00f3 que, desde este&#8230;<\/p>\n","protected":false},"author":2,"featured_media":13955,"comment_status":"closed","ping_status":"open","sticky":false,"template":"","format":"standard","meta":{"footnotes":""},"categories":[56,49],"tags":[],"class_list":["post-13954","post","type-post","status-publish","format-standard","has-post-thumbnail","hentry","category-destacadas","category-nacionales"],"_links":{"self":[{"href":"https:\/\/entretormentas.com\/index.php?rest_route=\/wp\/v2\/posts\/13954","targetHints":{"allow":["GET"]}}],"collection":[{"href":"https:\/\/entretormentas.com\/index.php?rest_route=\/wp\/v2\/posts"}],"about":[{"href":"https:\/\/entretormentas.com\/index.php?rest_route=\/wp\/v2\/types\/post"}],"author":[{"embeddable":true,"href":"https:\/\/entretormentas.com\/index.php?rest_route=\/wp\/v2\/users\/2"}],"replies":[{"embeddable":true,"href":"https:\/\/entretormentas.com\/index.php?rest_route=%2Fwp%2Fv2%2Fcomments&post=13954"}],"version-history":[{"count":1,"href":"https:\/\/entretormentas.com\/index.php?rest_route=\/wp\/v2\/posts\/13954\/revisions"}],"predecessor-version":[{"id":13956,"href":"https:\/\/entretormentas.com\/index.php?rest_route=\/wp\/v2\/posts\/13954\/revisions\/13956"}],"wp:featuredmedia":[{"embeddable":true,"href":"https:\/\/entretormentas.com\/index.php?rest_route=\/wp\/v2\/media\/13955"}],"wp:attachment":[{"href":"https:\/\/entretormentas.com\/index.php?rest_route=%2Fwp%2Fv2%2Fmedia&parent=13954"}],"wp:term":[{"taxonomy":"category","embeddable":true,"href":"https:\/\/entretormentas.com\/index.php?rest_route=%2Fwp%2Fv2%2Fcategories&post=13954"},{"taxonomy":"post_tag","embeddable":true,"href":"https:\/\/entretormentas.com\/index.php?rest_route=%2Fwp%2Fv2%2Ftags&post=13954"}],"curies":[{"name":"wp","href":"https:\/\/api.w.org\/{rel}","templated":true}]}}