{"id":13957,"date":"2025-03-09T11:24:31","date_gmt":"2025-03-09T10:24:31","guid":{"rendered":"https:\/\/entretormentas.com\/?p=13957"},"modified":"2025-03-09T11:24:31","modified_gmt":"2025-03-09T10:24:31","slug":"en-su-dia-mujeres-marchan-en-caracas-para-exigir-mejores-salarios-y-proteccion-contra-la-violencia","status":"publish","type":"post","link":"https:\/\/entretormentas.com\/en-su-dia-mujeres-marchan-en-caracas-para-exigir-mejores-salarios-y-proteccion-contra-la-violencia\/","title":{"rendered":"\u00a1EN SU D\u00cdA! Mujeres marchan en Caracas para exigir mejores salarios y protecci\u00f3n contra la violencia"},"content":{"rendered":"\n<p><strong>ENTRE TORMENTAS.<\/strong> Decenas de venezolanas marcharon en Caracas este s\u00e1bado, D\u00eda Internacional de la Mujer, para exigir mejores salarios, lugares de abrigo para proteger a quienes sufren violencia de g\u00e9nero, as\u00ed como la legalizaci\u00f3n del aborto \u00abseguro y gratuito\u00bb.<\/p>\n\n\n\n<p>Las mujeres, integrantes de distintos movimientos feministas y sindicatos, se movilizaron desde la c\u00e9ntrica plaza Venezuela hasta la plaza Bri\u00f3n en Chaca\u00edto (este) con pancartas que hac\u00edan alusi\u00f3n a la exigencia de mejores salarios, as\u00ed como de la eliminaci\u00f3n de la \u00abviolencia gubernamental y patriarcal\u00bb.<\/p>\n\n\n\n<p>La activista Sugey Ochoa, de la ONG Pan y Rosas, explic\u00f3 a EFE que una de las exigencias es que las mujeres que sufren violencia de g\u00e9nero cuenten con un \u00ablugar de abrigo\u00bb y que \u00abno sigan siendo revictimizadas y criminalizadas a la hora de denunciar los problemas de g\u00e9nero que sufren en sus casas\u00bb.<\/p>\n\n\n\n<p>\u00abPor supuesto, el aborgo legal, seguro y gratuito nos parece una demanda fundamental del movimiento de mujeres\u00bb, a\u00f1adi\u00f3.<\/p>\n\n\n\n<p>Ochoa, quien asegur\u00f3 que la convocatoria era independiente de la Administraci\u00f3n de Nicol\u00e1s Maduro y de la oposici\u00f3n mayoritaria, se solidariz\u00f3 con las mujeres migrantes \u00abque actualmente se encuentran en una situaci\u00f3n muy vulnerable y precaria\u00bb.<\/p>\n\n\n\n<figure class=\"wp-block-image size-full\"><img fetchpriority=\"high\" decoding=\"async\" width=\"677\" height=\"375\" src=\"https:\/\/entretormentas.com\/wp-content\/uploads\/2025\/03\/image-141.png\" alt=\"\" class=\"wp-image-13959\" srcset=\"https:\/\/entretormentas.com\/wp-content\/uploads\/2025\/03\/image-141.png 677w, https:\/\/entretormentas.com\/wp-content\/uploads\/2025\/03\/image-141-300x166.png 300w\" sizes=\"(max-width: 677px) 100vw, 677px\" \/><\/figure>\n\n\n\n<p>Igualmente, la activista indic\u00f3 que es necesario manifestarse por todas aquellas mujeres que piden la liberaci\u00f3n de sus familiares detenidos tras la crisis postelectoral.<\/p>\n\n\n\n<p>Por su parte, la enfermera Francis Guill\u00e9n dijo a EFE que en esta fecha no hay \u00abnada que celebrar\u00bb porque -sostuvo- las mujeres en el pa\u00eds caribe\u00f1o son \u00abvulnerables\u00bb por el tema del salario.<\/p>\n\n\n\n<p>\u00abEl salario hoy en d\u00eda de una enfermera son 260 bol\u00edvares quincenales (unos 3,9 d\u00f3lares estadounidenses), entonces eso no nos alcanza para nada\u00bb, apostill\u00f3.<\/p>\n\n\n\n<p>El chavismo tambi\u00e9n convoc\u00f3 a una marcha este s\u00e1bado en Caracas para \u00abvisibilizar la lucha por la igualdad de g\u00e9nero\u00bb as\u00ed como celebrar los \u00ablogros alcanzados en materia de igualdad\u00bb y reafirmar \u00abel compromiso de seguir luchando contra el machismo, la violencia de g\u00e9nero y la discriminaci\u00f3n\u00bb, seg\u00fan explic\u00f3 el canal estatal Venezolana de Televisi\u00f3n (VTV).<\/p>\n\n\n\n<p>Seg\u00fan un informe presentado el viernes por la Defensor\u00eda del Pueblo de Venezuela, en 2024 se presentaron 845 denuncias y peticiones relacionadas con violencia de g\u00e9nero.<\/p>\n\n\n\n<p>A trav\u00e9s de una nota de prensa, la instituci\u00f3n -que publicar\u00e1 el informe la semana que viene- indic\u00f3 que, de ese total, 393 corresponde a violencia contra \u00abla integridad psicol\u00f3gica (violencia verbal o amenazas)\u00bb, sin suministrar el n\u00famero ni el motivo de las denuncias restantes.<br><strong><em>ET \/ EFE<\/em><\/strong><\/p>\n","protected":false},"excerpt":{"rendered":"<p>ENTRE TORMENTAS. Decenas de venezolanas marcharon en Caracas este s\u00e1bado, D\u00eda Internacional de la Mujer,&#8230;<\/p>\n","protected":false},"author":2,"featured_media":13958,"comment_status":"closed","ping_status":"open","sticky":false,"template":"","format":"standard","meta":{"footnotes":""},"categories":[56,49],"tags":[],"class_list":["post-13957","post","type-post","status-publish","format-standard","has-post-thumbnail","hentry","category-destacadas","category-nacionales"],"_links":{"self":[{"href":"https:\/\/entretormentas.com\/index.php?rest_route=\/wp\/v2\/posts\/13957","targetHints":{"allow":["GET"]}}],"collection":[{"href":"https:\/\/entretormentas.com\/index.php?rest_route=\/wp\/v2\/posts"}],"about":[{"href":"https:\/\/entretormentas.com\/index.php?rest_route=\/wp\/v2\/types\/post"}],"author":[{"embeddable":true,"href":"https:\/\/entretormentas.com\/index.php?rest_route=\/wp\/v2\/users\/2"}],"replies":[{"embeddable":true,"href":"https:\/\/entretormentas.com\/index.php?rest_route=%2Fwp%2Fv2%2Fcomments&post=13957"}],"version-history":[{"count":1,"href":"https:\/\/entretormentas.com\/index.php?rest_route=\/wp\/v2\/posts\/13957\/revisions"}],"predecessor-version":[{"id":13960,"href":"https:\/\/entretormentas.com\/index.php?rest_route=\/wp\/v2\/posts\/13957\/revisions\/13960"}],"wp:featuredmedia":[{"embeddable":true,"href":"https:\/\/entretormentas.com\/index.php?rest_route=\/wp\/v2\/media\/13958"}],"wp:attachment":[{"href":"https:\/\/entretormentas.com\/index.php?rest_route=%2Fwp%2Fv2%2Fmedia&parent=13957"}],"wp:term":[{"taxonomy":"category","embeddable":true,"href":"https:\/\/entretormentas.com\/index.php?rest_route=%2Fwp%2Fv2%2Fcategories&post=13957"},{"taxonomy":"post_tag","embeddable":true,"href":"https:\/\/entretormentas.com\/index.php?rest_route=%2Fwp%2Fv2%2Ftags&post=13957"}],"curies":[{"name":"wp","href":"https:\/\/api.w.org\/{rel}","templated":true}]}}