{"id":13961,"date":"2025-03-09T11:26:47","date_gmt":"2025-03-09T10:26:47","guid":{"rendered":"https:\/\/entretormentas.com\/?p=13961"},"modified":"2025-03-09T11:26:48","modified_gmt":"2025-03-09T10:26:48","slug":"respuesta-a-trump-maduro-confirma-suspension-de-viajes-de-vuelta-a-la-patria-desde-eeuu","status":"publish","type":"post","link":"https:\/\/entretormentas.com\/respuesta-a-trump-maduro-confirma-suspension-de-viajes-de-vuelta-a-la-patria-desde-eeuu\/","title":{"rendered":"\u00a1RESPUESTA A TRUMP! Maduro confirma suspensi\u00f3n de viajes de \u201cVuelta a la Patria\u201d desde EEUU"},"content":{"rendered":"\n<p><strong>ENTRE TORMENTAS. <\/strong>El presidente Nicol\u00e1s Maduro inform\u00f3 este s\u00e1bado que los vuelos Vuelta a la Patria ya coordinados hacia EE.UU. no podr\u00e1n realizarse por la decisi\u00f3n de Trump de suspender la licencia a Chevron.<\/p>\n\n\n\n<p>Explic\u00f3 que le interesaba mantener ese di\u00e1logo para traer a todos los venezolanos que tienen \u00abpresos y perseguidos\u00bb en Estados Unidos, \u00absolo por ser migrantes\u00bb.<\/p>\n\n\n\n<p>Maduro denunci\u00f3 que la persecuci\u00f3n contra los migrantes venezolanos en Estados Unidos \u00abdebe cesar\u00bb, argumentando que \u00abtienen dignidad, tienen familia y deben respetarse sus derechos humanos\u00bb. Adem\u00e1s, critic\u00f3 que la revocatoria de la licencia de Chevron se realiz\u00f3 \u00absin explicaci\u00f3n\u00bb, lo que, seg\u00fan \u00e9l, afect\u00f3 los planes de repatriaci\u00f3n.<\/p>\n\n\n\n<p>\u00abNosotros est\u00e1bamos preparados para eso y mucho m\u00e1s. Eso afect\u00f3 los viajes que tenemos programados con nuestros aviones para traernos a nuestros hermanos\u00bb, se\u00f1al\u00f3. Maduro record\u00f3 que, en el pasado, lograron repatriar a venezolanos en vuelos coordinados, pero ahora esos esfuerzos se han visto entorpecidos.<\/p>\n\n\n\n<p>Maduro calific\u00f3 como \u00abtriste y lamentable\u00bb la situaci\u00f3n de los venezolanos que, seg\u00fan \u00e9l, solo buscaban \u00abun futuro mejor\u00bb como consecuencia de las sanciones econ\u00f3micas impuestas por Estados Unidos. \u00abEllos mismos crearon las sanciones que obligaron a muchos a migrar\u00bb, afirm\u00f3.<\/p>\n\n\n\n<p>Maduro reiter\u00f3 su llamado a respetar los derechos humanos de los migrantes y a detener la persecuci\u00f3n contra los venezolanos en el exterior. \u00abDebemos trabajar juntos para resolver estos problemas, no para crear m\u00e1s obst\u00e1culos\u00bb, concluy\u00f3.<br><strong><em>ET \/ El Regional del Zulia<\/em><\/strong><\/p>\n","protected":false},"excerpt":{"rendered":"<p>ENTRE TORMENTAS. El presidente Nicol\u00e1s Maduro inform\u00f3 este s\u00e1bado que los vuelos Vuelta a la&#8230;<\/p>\n","protected":false},"author":2,"featured_media":13962,"comment_status":"closed","ping_status":"open","sticky":false,"template":"","format":"standard","meta":{"footnotes":""},"categories":[56,49],"tags":[],"class_list":["post-13961","post","type-post","status-publish","format-standard","has-post-thumbnail","hentry","category-destacadas","category-nacionales"],"_links":{"self":[{"href":"https:\/\/entretormentas.com\/index.php?rest_route=\/wp\/v2\/posts\/13961","targetHints":{"allow":["GET"]}}],"collection":[{"href":"https:\/\/entretormentas.com\/index.php?rest_route=\/wp\/v2\/posts"}],"about":[{"href":"https:\/\/entretormentas.com\/index.php?rest_route=\/wp\/v2\/types\/post"}],"author":[{"embeddable":true,"href":"https:\/\/entretormentas.com\/index.php?rest_route=\/wp\/v2\/users\/2"}],"replies":[{"embeddable":true,"href":"https:\/\/entretormentas.com\/index.php?rest_route=%2Fwp%2Fv2%2Fcomments&post=13961"}],"version-history":[{"count":1,"href":"https:\/\/entretormentas.com\/index.php?rest_route=\/wp\/v2\/posts\/13961\/revisions"}],"predecessor-version":[{"id":13963,"href":"https:\/\/entretormentas.com\/index.php?rest_route=\/wp\/v2\/posts\/13961\/revisions\/13963"}],"wp:featuredmedia":[{"embeddable":true,"href":"https:\/\/entretormentas.com\/index.php?rest_route=\/wp\/v2\/media\/13962"}],"wp:attachment":[{"href":"https:\/\/entretormentas.com\/index.php?rest_route=%2Fwp%2Fv2%2Fmedia&parent=13961"}],"wp:term":[{"taxonomy":"category","embeddable":true,"href":"https:\/\/entretormentas.com\/index.php?rest_route=%2Fwp%2Fv2%2Fcategories&post=13961"},{"taxonomy":"post_tag","embeddable":true,"href":"https:\/\/entretormentas.com\/index.php?rest_route=%2Fwp%2Fv2%2Ftags&post=13961"}],"curies":[{"name":"wp","href":"https:\/\/api.w.org\/{rel}","templated":true}]}}