{"id":13964,"date":"2025-03-10T09:00:12","date_gmt":"2025-03-10T08:00:12","guid":{"rendered":"https:\/\/entretormentas.com\/?p=13964"},"modified":"2025-03-10T09:10:11","modified_gmt":"2025-03-10T08:10:11","slug":"tragedia-hallan-muerto-al-segundo-nino-desaparecido-en-el-lago-de-maracaibo","status":"publish","type":"post","link":"https:\/\/entretormentas.com\/tragedia-hallan-muerto-al-segundo-nino-desaparecido-en-el-lago-de-maracaibo\/","title":{"rendered":"\u00a1TRAGEDIA! Hallan muerto al segundo ni\u00f1o desaparecido en el Lago de Maracaibo"},"content":{"rendered":"\n<p><strong>ENTRE TORMENTAS<\/strong>. Este domingo 9 de marzo, luego de una ardua b\u00fasqueda del infante de siete a\u00f1os, la Divisi\u00f3n lacustre del Cuerpo de Polic\u00eda Nacional Bolivariana dos horas despu\u00e9s de encontrar el cuerpo de Yendri Chac\u00edn de 16 a\u00f1os lograron rescatar el cuerpo del ni\u00f1o \u00c1ngel Leandro, qui\u00e9n se encontraba sumergido en las aguas del Lago en el sector El Bajo de municipio San Francisco.<\/p>\n\n\n\n<p>Ambos ni\u00f1os eran vecinos y resid\u00edan en Villa Para\u00edso, seg\u00fan vecinos del sector j\u00f3venes y ni\u00f1os acostumbran a ir a ese sitio los fines de semana con balsas improvisadas de anime, poncheras pl\u00e1sticas y neveras viejas navegando en las orillas de las playas.<br><strong><em>ET \/ Nota de Prensa<\/em><\/strong><\/p>\n","protected":false},"excerpt":{"rendered":"<p>ENTRE TORMENTAS. Este domingo 9 de marzo, luego de una ardua b\u00fasqueda del infante de&#8230;<\/p>\n","protected":false},"author":2,"featured_media":13965,"comment_status":"closed","ping_status":"open","sticky":false,"template":"","format":"standard","meta":{"footnotes":""},"categories":[57,52],"tags":[],"class_list":["post-13964","post","type-post","status-publish","format-standard","has-post-thumbnail","hentry","category-actualidad","category-sucesos"],"_links":{"self":[{"href":"https:\/\/entretormentas.com\/index.php?rest_route=\/wp\/v2\/posts\/13964","targetHints":{"allow":["GET"]}}],"collection":[{"href":"https:\/\/entretormentas.com\/index.php?rest_route=\/wp\/v2\/posts"}],"about":[{"href":"https:\/\/entretormentas.com\/index.php?rest_route=\/wp\/v2\/types\/post"}],"author":[{"embeddable":true,"href":"https:\/\/entretormentas.com\/index.php?rest_route=\/wp\/v2\/users\/2"}],"replies":[{"embeddable":true,"href":"https:\/\/entretormentas.com\/index.php?rest_route=%2Fwp%2Fv2%2Fcomments&post=13964"}],"version-history":[{"count":1,"href":"https:\/\/entretormentas.com\/index.php?rest_route=\/wp\/v2\/posts\/13964\/revisions"}],"predecessor-version":[{"id":13966,"href":"https:\/\/entretormentas.com\/index.php?rest_route=\/wp\/v2\/posts\/13964\/revisions\/13966"}],"wp:featuredmedia":[{"embeddable":true,"href":"https:\/\/entretormentas.com\/index.php?rest_route=\/wp\/v2\/media\/13965"}],"wp:attachment":[{"href":"https:\/\/entretormentas.com\/index.php?rest_route=%2Fwp%2Fv2%2Fmedia&parent=13964"}],"wp:term":[{"taxonomy":"category","embeddable":true,"href":"https:\/\/entretormentas.com\/index.php?rest_route=%2Fwp%2Fv2%2Fcategories&post=13964"},{"taxonomy":"post_tag","embeddable":true,"href":"https:\/\/entretormentas.com\/index.php?rest_route=%2Fwp%2Fv2%2Ftags&post=13964"}],"curies":[{"name":"wp","href":"https:\/\/api.w.org\/{rel}","templated":true}]}}