{"id":13967,"date":"2025-03-10T09:02:35","date_gmt":"2025-03-10T08:02:35","guid":{"rendered":"https:\/\/entretormentas.com\/?p=13967"},"modified":"2025-03-10T09:02:35","modified_gmt":"2025-03-10T08:02:35","slug":"aun-no-esta-preparada-yulimar-rojas-abandona-y-dice-adios-a-los-mundiales-pista-cubierta-de-china","status":"publish","type":"post","link":"https:\/\/entretormentas.com\/aun-no-esta-preparada-yulimar-rojas-abandona-y-dice-adios-a-los-mundiales-pista-cubierta-de-china\/","title":{"rendered":"\u00a1A\u00daN NO EST\u00c1 PREPARADA! Yulimar Rojas abandona y dice adi\u00f3s a los Mundiales pista cubierta de China"},"content":{"rendered":"\n<p><strong>ENTRE TORMENTAS.<\/strong> La venezolana Yulimar Rojas, plusmarquista mundial de triple salto, abandon\u00f3 el concurso de longitud en su vuelta a la competici\u00f3n, en el I Trofeo de Atletismo Ciudad de Salamanca en pista cubierta, y dijo adi\u00f3s a los Mundiales \u2018indoor\u2019 de China, para los que se hab\u00eda propuesto conseguir una plaza con el registro de este domingo.<\/p>\n\n\n\n<p>La estrella venezolana regresaba a la acci\u00f3n tras casi dos a\u00f1os de baja despu\u00e9s de sufrir una rotura de tend\u00f3n de Aquiles y perderse los Juegos Ol\u00edmpicos de Par\u00eds, y decidi\u00f3 desistir despu\u00e9s de cuatro intentos nulos.<\/p>\n\n\n\n<p>Durante la competici\u00f3n se pudo ver que sufr\u00eda molestias en la musculatura superior de la pierna derecha, lo que limit\u00f3 sus opciones.<\/p>\n\n\n\n<p>La especialista en triple hab\u00eda optado por un retorno progresivo a la competici\u00f3n, en una prueba menos traum\u00e1tica para la zona del tend\u00f3n de Aquiles como la longitud, pero tendr\u00e1 que seguir con su recuperaci\u00f3n.<\/p>\n\n\n\n<p>Rojas ten\u00eda como objetivo superar la marca m\u00ednima de 6,90 metros que fija World Athletics en salto de longitud femenino para los Mundiales de Nanjing (China), que se disputar\u00e1n del 21 al 23 de marzo, pero no pudo ni siquiera hacer un registro.<\/p>\n\n\n\n<p>Antes de esta competici\u00f3n disputada en la pista cubierta Carlos Gil P\u00e9rez de Salamanca, la atleta del Barcelona ten\u00eda como mejor marca en esta disciplina 6,88 metros.<br><strong><em>ET \/ Agencias<\/em><\/strong><\/p>\n\n\n\n<p><\/p>\n","protected":false},"excerpt":{"rendered":"<p>ENTRE TORMENTAS. La venezolana Yulimar Rojas, plusmarquista mundial de triple salto, abandon\u00f3 el concurso de&#8230;<\/p>\n","protected":false},"author":2,"featured_media":13968,"comment_status":"closed","ping_status":"open","sticky":false,"template":"","format":"standard","meta":{"footnotes":""},"categories":[57,53],"tags":[],"class_list":["post-13967","post","type-post","status-publish","format-standard","has-post-thumbnail","hentry","category-actualidad","category-deportes"],"_links":{"self":[{"href":"https:\/\/entretormentas.com\/index.php?rest_route=\/wp\/v2\/posts\/13967","targetHints":{"allow":["GET"]}}],"collection":[{"href":"https:\/\/entretormentas.com\/index.php?rest_route=\/wp\/v2\/posts"}],"about":[{"href":"https:\/\/entretormentas.com\/index.php?rest_route=\/wp\/v2\/types\/post"}],"author":[{"embeddable":true,"href":"https:\/\/entretormentas.com\/index.php?rest_route=\/wp\/v2\/users\/2"}],"replies":[{"embeddable":true,"href":"https:\/\/entretormentas.com\/index.php?rest_route=%2Fwp%2Fv2%2Fcomments&post=13967"}],"version-history":[{"count":1,"href":"https:\/\/entretormentas.com\/index.php?rest_route=\/wp\/v2\/posts\/13967\/revisions"}],"predecessor-version":[{"id":13969,"href":"https:\/\/entretormentas.com\/index.php?rest_route=\/wp\/v2\/posts\/13967\/revisions\/13969"}],"wp:featuredmedia":[{"embeddable":true,"href":"https:\/\/entretormentas.com\/index.php?rest_route=\/wp\/v2\/media\/13968"}],"wp:attachment":[{"href":"https:\/\/entretormentas.com\/index.php?rest_route=%2Fwp%2Fv2%2Fmedia&parent=13967"}],"wp:term":[{"taxonomy":"category","embeddable":true,"href":"https:\/\/entretormentas.com\/index.php?rest_route=%2Fwp%2Fv2%2Fcategories&post=13967"},{"taxonomy":"post_tag","embeddable":true,"href":"https:\/\/entretormentas.com\/index.php?rest_route=%2Fwp%2Fv2%2Ftags&post=13967"}],"curies":[{"name":"wp","href":"https:\/\/api.w.org\/{rel}","templated":true}]}}