{"id":13984,"date":"2025-03-10T09:18:02","date_gmt":"2025-03-10T08:18:02","guid":{"rendered":"https:\/\/entretormentas.com\/?p=13984"},"modified":"2025-03-10T09:18:03","modified_gmt":"2025-03-10T08:18:03","slug":"polemica-ecuador-no-recibira-a-deportados-extranjeros-tras-el-cese-de-vuelos-de-eeuu-a-venezuela","status":"publish","type":"post","link":"https:\/\/entretormentas.com\/polemica-ecuador-no-recibira-a-deportados-extranjeros-tras-el-cese-de-vuelos-de-eeuu-a-venezuela\/","title":{"rendered":"\u00a1POL\u00c9MICA! Ecuador no recibir\u00e1 a deportados extranjeros tras el cese de vuelos de EEUU a Venezuela"},"content":{"rendered":"\n<p><strong>ENTRE TORMENTAS.<\/strong> El presidente de Ecuador, Daniel Noboa, dijo este domingo que el pa\u00eds \u00abno recibir\u00e1 a migrantes deportados de otras nacionalidades\u00bb tras la decisi\u00f3n de Venezuela de no acoger a sus propios ciudadanos deportados desde Estados Unidos, medida que, dijo, \u00abtiene impacto en toda la regi\u00f3n\u00bb, rese\u00f1a EFE.<\/p>\n\n\n\n<p>\u00abMaduro ha dicho p\u00fablicamente que los vuelos para recibir a sus migrantes deportados se han visto \u2018afectados\u2019. A puerta cerrada han advertido a los Estados Unidos que tras la revocaci\u00f3n de la licencia de operaci\u00f3n para Chevron tomar\u00edan esta medida como represalia\u00bb, ha dicho Noboa en su cuenta de la red social X.<\/p>\n\n\n\n<p>El mandatario dijo esto en referencia a una publicaci\u00f3n que hizo el viernes el diario The Wall Street Journal, en la que se\u00f1al\u00f3 que el Gobierno de Venezuela advirti\u00f3 en privado al Gobierno de Donald Trump que no acoger\u00e1 a sus propios ciudadanos deportados despu\u00e9s de que Estados Unidos haya puesto fin a la licencia de la petrolera Chevron para operar en el pa\u00eds caribe\u00f1o.<\/p>\n\n\n\n<p>El diario, que cita fuentes conocedoras del asunto, se\u00f1al\u00f3 que se est\u00e1 desgastando el acuerdo de repatriaci\u00f3n de venezolanos posterior a la reuni\u00f3n de enero del enviado de Trump, Richard Grenell, con Nicol\u00e1s Maduro.<\/p>\n\n\n\n<p>Al d\u00eda siguiente de la publicaci\u00f3n del diario, Maduro se\u00f1al\u00f3 que esa decisi\u00f3n tomada por la Administraci\u00f3n de Trump \u00abafect\u00f3 los viajes\u00bb que Venezuela ten\u00eda programados con aviones de la estatal Conviasa para traer a los migrantes.<br><strong><em>ET \/ Agencias<\/em><\/strong><\/p>\n\n\n\n<p><\/p>\n","protected":false},"excerpt":{"rendered":"<p>ENTRE TORMENTAS. El presidente de Ecuador, Daniel Noboa, dijo este domingo que el pa\u00eds \u00abno&#8230;<\/p>\n","protected":false},"author":2,"featured_media":13985,"comment_status":"closed","ping_status":"open","sticky":false,"template":"","format":"standard","meta":{"footnotes":""},"categories":[56,48],"tags":[],"class_list":["post-13984","post","type-post","status-publish","format-standard","has-post-thumbnail","hentry","category-destacadas","category-internacionales"],"_links":{"self":[{"href":"https:\/\/entretormentas.com\/index.php?rest_route=\/wp\/v2\/posts\/13984","targetHints":{"allow":["GET"]}}],"collection":[{"href":"https:\/\/entretormentas.com\/index.php?rest_route=\/wp\/v2\/posts"}],"about":[{"href":"https:\/\/entretormentas.com\/index.php?rest_route=\/wp\/v2\/types\/post"}],"author":[{"embeddable":true,"href":"https:\/\/entretormentas.com\/index.php?rest_route=\/wp\/v2\/users\/2"}],"replies":[{"embeddable":true,"href":"https:\/\/entretormentas.com\/index.php?rest_route=%2Fwp%2Fv2%2Fcomments&post=13984"}],"version-history":[{"count":1,"href":"https:\/\/entretormentas.com\/index.php?rest_route=\/wp\/v2\/posts\/13984\/revisions"}],"predecessor-version":[{"id":13986,"href":"https:\/\/entretormentas.com\/index.php?rest_route=\/wp\/v2\/posts\/13984\/revisions\/13986"}],"wp:featuredmedia":[{"embeddable":true,"href":"https:\/\/entretormentas.com\/index.php?rest_route=\/wp\/v2\/media\/13985"}],"wp:attachment":[{"href":"https:\/\/entretormentas.com\/index.php?rest_route=%2Fwp%2Fv2%2Fmedia&parent=13984"}],"wp:term":[{"taxonomy":"category","embeddable":true,"href":"https:\/\/entretormentas.com\/index.php?rest_route=%2Fwp%2Fv2%2Fcategories&post=13984"},{"taxonomy":"post_tag","embeddable":true,"href":"https:\/\/entretormentas.com\/index.php?rest_route=%2Fwp%2Fv2%2Ftags&post=13984"}],"curies":[{"name":"wp","href":"https:\/\/api.w.org\/{rel}","templated":true}]}}