{"id":13990,"date":"2025-03-10T09:23:30","date_gmt":"2025-03-10T08:23:30","guid":{"rendered":"https:\/\/entretormentas.com\/?p=13990"},"modified":"2025-03-10T09:36:10","modified_gmt":"2025-03-10T08:36:10","slug":"en-cuidados-intensivos-federacion-medica-venezolana-exige-inversion-para-el-sector-salud","status":"publish","type":"post","link":"https:\/\/entretormentas.com\/en-cuidados-intensivos-federacion-medica-venezolana-exige-inversion-para-el-sector-salud\/","title":{"rendered":"\u00a1EN CUIDADOS INTENSIVOS! Federaci\u00f3n M\u00e9dica Venezolana exige inversi\u00f3n para el sector salud"},"content":{"rendered":"\n<p><strong>ENTRE TORMENTAS. <\/strong>El presidente de la Federaci\u00f3n M\u00e9dica Venezolana, Douglas Le\u00f3n Natera insisti\u00f3 en solicitar la inversi\u00f3n en el sector salud, informando que los 300 hospitales y m\u00e1s de siete mil ambulatorios tienen d\u00e9ficit de abastecimiento, lo que afecta a quienes tienen que comprar los recursos para ser atendidos, rese\u00f1\u00f3 Uni\u00f3n Radio.<\/p>\n\n\n\n<p>\u00abLos hospitales se mantienen exactamente como se ha ido diciendo hace mucho tiempo, cr\u00f3nicamente desabastecidos\u00bb, resalt\u00f3 Le\u00f3n Natera.<\/p>\n\n\n\n<figure class=\"wp-block-image size-full\"><img fetchpriority=\"high\" decoding=\"async\" width=\"768\" height=\"432\" src=\"https:\/\/entretormentas.com\/wp-content\/uploads\/2025\/03\/image-153.png\" alt=\"\" class=\"wp-image-13991\" srcset=\"https:\/\/entretormentas.com\/wp-content\/uploads\/2025\/03\/image-153.png 768w, https:\/\/entretormentas.com\/wp-content\/uploads\/2025\/03\/image-153-300x169.png 300w\" sizes=\"(max-width: 768px) 100vw, 768px\" \/><\/figure>\n\n\n\n<p>Sin embargo, aplaudi\u00f3 a los m\u00e9dicos que a pesar de las dificultades del estado de actual de la salud p\u00fablica siguen prestando atenci\u00f3n aunque la realidad econ\u00f3mica demanda nuevos sueldos.<\/p>\n\n\n\n<p>\u00abLa posibilidad de discutir un contrato colectivo digno para tener un salario adecuado para los m\u00e9dicos venezolanos. Iniciando con mil 500 d\u00f3lares para el m\u00e9dico interno y de all\u00ed en adelante seg\u00fan escala establecida por la Federaci\u00f3n y el Ejecutivo Nacional en los contratos que hist\u00f3ricamente hemos firmado\u00bb.<\/p>\n\n\n\n<p>Seg\u00fan la Academia Nacional de Medicina 40 % de profesionales de la salud migraron en busca de mejores oportunidades. Evitar que la cifra siga en aumento depende de la voluntad de inversi\u00f3n y mejora en el sector.<br><strong><em>ET \/ Agencias<\/em><\/strong><\/p>\n","protected":false},"excerpt":{"rendered":"<p>ENTRE TORMENTAS. El presidente de la Federaci\u00f3n M\u00e9dica Venezolana, Douglas Le\u00f3n Natera insisti\u00f3 en solicitar&#8230;<\/p>\n","protected":false},"author":2,"featured_media":13992,"comment_status":"closed","ping_status":"open","sticky":false,"template":"","format":"standard","meta":{"footnotes":""},"categories":[56,49],"tags":[],"class_list":["post-13990","post","type-post","status-publish","format-standard","has-post-thumbnail","hentry","category-destacadas","category-nacionales"],"_links":{"self":[{"href":"https:\/\/entretormentas.com\/index.php?rest_route=\/wp\/v2\/posts\/13990","targetHints":{"allow":["GET"]}}],"collection":[{"href":"https:\/\/entretormentas.com\/index.php?rest_route=\/wp\/v2\/posts"}],"about":[{"href":"https:\/\/entretormentas.com\/index.php?rest_route=\/wp\/v2\/types\/post"}],"author":[{"embeddable":true,"href":"https:\/\/entretormentas.com\/index.php?rest_route=\/wp\/v2\/users\/2"}],"replies":[{"embeddable":true,"href":"https:\/\/entretormentas.com\/index.php?rest_route=%2Fwp%2Fv2%2Fcomments&post=13990"}],"version-history":[{"count":1,"href":"https:\/\/entretormentas.com\/index.php?rest_route=\/wp\/v2\/posts\/13990\/revisions"}],"predecessor-version":[{"id":13993,"href":"https:\/\/entretormentas.com\/index.php?rest_route=\/wp\/v2\/posts\/13990\/revisions\/13993"}],"wp:featuredmedia":[{"embeddable":true,"href":"https:\/\/entretormentas.com\/index.php?rest_route=\/wp\/v2\/media\/13992"}],"wp:attachment":[{"href":"https:\/\/entretormentas.com\/index.php?rest_route=%2Fwp%2Fv2%2Fmedia&parent=13990"}],"wp:term":[{"taxonomy":"category","embeddable":true,"href":"https:\/\/entretormentas.com\/index.php?rest_route=%2Fwp%2Fv2%2Fcategories&post=13990"},{"taxonomy":"post_tag","embeddable":true,"href":"https:\/\/entretormentas.com\/index.php?rest_route=%2Fwp%2Fv2%2Ftags&post=13990"}],"curies":[{"name":"wp","href":"https:\/\/api.w.org\/{rel}","templated":true}]}}