{"id":13994,"date":"2025-03-10T09:27:30","date_gmt":"2025-03-10T08:27:30","guid":{"rendered":"https:\/\/entretormentas.com\/?p=13994"},"modified":"2025-03-10T09:27:30","modified_gmt":"2025-03-10T08:27:30","slug":"en-el-hospital-papa-analiza-situacion-mundial-con-el-cardenal-parolin-y-mons-edgar-pena","status":"publish","type":"post","link":"https:\/\/entretormentas.com\/en-el-hospital-papa-analiza-situacion-mundial-con-el-cardenal-parolin-y-mons-edgar-pena\/","title":{"rendered":"\u00a1EN EL HOSPITAL! Papa analiza \u00absituaci\u00f3n mundial\u00bb con el cardenal Parolin y Mons. Edgar Pe\u00f1a"},"content":{"rendered":"\n<p><strong>ENTRE TORMENTAS.<\/strong> El papa Francisco ha recibido a su secretario de Estado, el cardenal Pietro Parolin, este domingo por la ma\u00f1ana en el hospital Gemelli de Roma, donde se encuentra hospitalizado desde hace 24 d\u00edas por sus problemas respiratorios.<\/p>\n\n\n\n<p>Con Parolin, acudi\u00f3 el sustituto para los Asuntos Generales de la Secretar\u00eda de Estado vaticana, el venezolano Edgar Pe\u00f1a Parra, indica la nota de EFE.<\/p>\n\n\n\n<p>El cardenal Parolin y el arzobispo Pe\u00f1a Parra, figuras clave en el poder vaticano, han asumido el control de las decisiones m\u00e1s importantes.<\/p>\n\n\n\n<p>El pont\u00edfice est\u00e1 a\u00f1adiendo estos encuentros a su hospitalizaci\u00f3n en el Gemelli y sirven como ocasi\u00f3n para actualizarle \u00absobre la situaci\u00f3n de la Iglesia y del mundo\u00bb, indican fuentes vaticanas.<\/p>\n\n\n\n<p>De hecho, en el mensaje que Francisco ha preparado para el \u00c1ngelus de este domingo, no pronunciado sino difundido por escrito, expresa su preocupaci\u00f3n por la reciente escalada de la violencia en Siria, adem\u00e1s de pedir la paz en diferentes pa\u00edses del planeta.<\/p>\n\n\n\n<p>El papa, de 88 a\u00f1os, est\u00e1 hospitalizado desde el 14 de febrero a causa de una neumon\u00eda bilateral que le ha ocasionado varias crisis respiratorias pero que en los \u00faltimos d\u00edas ha mostrado una \u00abgradual y leve\u00bb mejor\u00eda, con una \u00abbuena respuesta\u00bb a la terapia.<\/p>\n\n\n\n<figure class=\"wp-block-image size-full\"><img fetchpriority=\"high\" decoding=\"async\" width=\"677\" height=\"344\" src=\"https:\/\/entretormentas.com\/wp-content\/uploads\/2025\/03\/image-156.png\" alt=\"\" class=\"wp-image-13996\" srcset=\"https:\/\/entretormentas.com\/wp-content\/uploads\/2025\/03\/image-156.png 677w, https:\/\/entretormentas.com\/wp-content\/uploads\/2025\/03\/image-156-300x152.png 300w\" sizes=\"(max-width: 677px) 100vw, 677px\" \/><\/figure>\n\n\n\n<p>Este domingo contin\u00faa con el tratamiento y recibiendo altos flujos de ox\u00edgeno a trav\u00e9s de unas c\u00e1nulas nasales, mientras que de noche se somete a la ventilaci\u00f3n mec\u00e1nica no invasiva, es decir, con una mascarilla que le cubre la nariz y la boca.<\/p>\n\n\n\n<p>Los m\u00e9dicos mantienen el pron\u00f3stico reservado porque prefieren ser cautos. De hecho, no se prev\u00e9 que esta tarde publiquen un bolet\u00edn sobre la salud del pont\u00edfice.<\/p>\n\n\n\n<p>Su estado \u00e1nimo tras 24 d\u00edas ingresado es \u00abbueno\u00bb, seg\u00fan las fuentes, y su jornada transcurre entre el reposo, la oraci\u00f3n y algunas tareas sencillas de trabajo, como preparar homil\u00edas o discursos o firmar algunos nombramientos.<\/p>\n\n\n\n<p>Para hoy, por ejemplo, prepar\u00f3 una homil\u00eda para la misa en la Plaza de San Pedro por el Jubileo de los Voluntarios, le\u00edda en su nombra por el cardenal Michael Czerny, as\u00ed como su mensaje para el \u00c1ngelus, difundido por escrito por la Santa Sede como en las \u00faltimas tres semanas.<\/p>\n\n\n\n<p>Francisco tampoco participar\u00e1 en los ejercicios espirituales de la Curia Romana por la cuaresma, que se desarrollar\u00e1n \u00aben comuni\u00f3n\u00bb con \u00e9l desde el Aula Pablo VI del Vaticano.<\/p>\n\n\n\n<p>La \u00fanica vez que se ha podido escuchar al papa ha sido el pasado jueves con la difusi\u00f3n de un breve mensaje de audio en el que agradec\u00eda a quienes se re\u00fanen cada noche a rezar el rosario por su salud en la Plaza de San Pedro.<\/p>\n\n\n\n<p>\u00abAgradezco de todo coraz\u00f3n las oraciones que hacen por mi salud desde la Plaza, los acompa\u00f1o desde ac\u00e1. Que Dios los bendiga y que la Virgen los cuide. Gracias\u00bb, dijo, con una voz notablemente d\u00e9bil y afectada.<br><strong><em>ET \/ Agencias<\/em><\/strong><\/p>\n\n\n\n<p><\/p>\n","protected":false},"excerpt":{"rendered":"<p>ENTRE TORMENTAS. El papa Francisco ha recibido a su secretario de Estado, el cardenal Pietro&#8230;<\/p>\n","protected":false},"author":2,"featured_media":13995,"comment_status":"closed","ping_status":"open","sticky":false,"template":"","format":"standard","meta":{"footnotes":""},"categories":[56,48],"tags":[],"class_list":["post-13994","post","type-post","status-publish","format-standard","has-post-thumbnail","hentry","category-destacadas","category-internacionales"],"_links":{"self":[{"href":"https:\/\/entretormentas.com\/index.php?rest_route=\/wp\/v2\/posts\/13994","targetHints":{"allow":["GET"]}}],"collection":[{"href":"https:\/\/entretormentas.com\/index.php?rest_route=\/wp\/v2\/posts"}],"about":[{"href":"https:\/\/entretormentas.com\/index.php?rest_route=\/wp\/v2\/types\/post"}],"author":[{"embeddable":true,"href":"https:\/\/entretormentas.com\/index.php?rest_route=\/wp\/v2\/users\/2"}],"replies":[{"embeddable":true,"href":"https:\/\/entretormentas.com\/index.php?rest_route=%2Fwp%2Fv2%2Fcomments&post=13994"}],"version-history":[{"count":1,"href":"https:\/\/entretormentas.com\/index.php?rest_route=\/wp\/v2\/posts\/13994\/revisions"}],"predecessor-version":[{"id":13997,"href":"https:\/\/entretormentas.com\/index.php?rest_route=\/wp\/v2\/posts\/13994\/revisions\/13997"}],"wp:featuredmedia":[{"embeddable":true,"href":"https:\/\/entretormentas.com\/index.php?rest_route=\/wp\/v2\/media\/13995"}],"wp:attachment":[{"href":"https:\/\/entretormentas.com\/index.php?rest_route=%2Fwp%2Fv2%2Fmedia&parent=13994"}],"wp:term":[{"taxonomy":"category","embeddable":true,"href":"https:\/\/entretormentas.com\/index.php?rest_route=%2Fwp%2Fv2%2Fcategories&post=13994"},{"taxonomy":"post_tag","embeddable":true,"href":"https:\/\/entretormentas.com\/index.php?rest_route=%2Fwp%2Fv2%2Ftags&post=13994"}],"curies":[{"name":"wp","href":"https:\/\/api.w.org\/{rel}","templated":true}]}}