{"id":14007,"date":"2025-03-11T06:55:15","date_gmt":"2025-03-11T05:55:15","guid":{"rendered":"https:\/\/entretormentas.com\/?p=14007"},"modified":"2025-03-11T06:55:16","modified_gmt":"2025-03-11T05:55:16","slug":"agenda-completa-en-marzo-alcaldia-de-maracaibo-invita-a-celebrar-el-mes-de-la-mujer","status":"publish","type":"post","link":"https:\/\/entretormentas.com\/agenda-completa-en-marzo-alcaldia-de-maracaibo-invita-a-celebrar-el-mes-de-la-mujer\/","title":{"rendered":"\u00a1AGENDA COMPLETA EN MARZO! Alcald\u00eda de Maracaibo invita a celebrar el Mes de la Mujer"},"content":{"rendered":"\n<p><strong>ENTRE TORMENTAS. <\/strong>Atenci\u00f3n, asesor\u00eda, capacitaci\u00f3n, acompa\u00f1amiento y cultura, engloba la agenda de actividades por el Mes de la Mujer que la Alcald\u00eda de Maracaibo, a trav\u00e9s de la Direcci\u00f3n de Relaciones Internacionales y del Instituto Municipal para la Mujer e Igualdad de G\u00e9nero (IMMIG), ha preparado para las mujeres marabinas. As\u00ed lo inform\u00f3 el alcalde encargado de Maracaibo, Adri\u00e1n Romero Mart\u00ednez, durante el Balance de Gesti\u00f3n y Transparencia n\u00famero 121.<\/p>\n\n\n\n<p>\u201cLo importante de conmemorar el D\u00eda de la Mujer, es resaltar su valor porque muchas mujeres son madres y padres a la vez. Son incansables, responsables y nunca dejan de amar. Por eso, ratificamos el compromiso que tenemos con las mujeres marabinas organizando para ellas una serie de actividades que muestran sus atributos y que le dan honor a su gran labor como trabajadoras, promotoras de la familia y como agente transformador de una sociedad\u201d, expres\u00f3 Romero Mart\u00ednez.<\/p>\n\n\n\n<p>Las actividades planificadas empezaron el fin de semana pasado, tiempo que fue coronado con el encendido del obelisco de la Plaza de la Rep\u00fablica. Dos mil mujeres marabinas, quienes, vestidas de morado, se reunieron en la caminata Pasos de Sororidad.<\/p>\n\n\n\n<figure class=\"wp-block-image size-large\"><img fetchpriority=\"high\" decoding=\"async\" width=\"1024\" height=\"682\" src=\"https:\/\/entretormentas.com\/wp-content\/uploads\/2025\/03\/image-161-1024x682.png\" alt=\"\" class=\"wp-image-14008\" srcset=\"https:\/\/entretormentas.com\/wp-content\/uploads\/2025\/03\/image-161-1024x682.png 1024w, https:\/\/entretormentas.com\/wp-content\/uploads\/2025\/03\/image-161-300x200.png 300w, https:\/\/entretormentas.com\/wp-content\/uploads\/2025\/03\/image-161-768x512.png 768w, https:\/\/entretormentas.com\/wp-content\/uploads\/2025\/03\/image-161-1536x1024.png 1536w, https:\/\/entretormentas.com\/wp-content\/uploads\/2025\/03\/image-161-2048x1365.png 2048w\" sizes=\"(max-width: 1024px) 100vw, 1024px\" \/><\/figure>\n\n\n\n<p><strong>AGENDA POR LA MUJER<\/strong><br>El viernes 14 de marzo se realizar\u00e1 a las 9.00 de la ma\u00f1ana, el taller Marketing para Emprendedoras en Alianza con Universidad Rafael Belloso Chac\u00edn, en la sede del IMMIG, sector Francisco de Miranda, Av. 67 con calle 79. Casa N\u00b0 79-130, parroquia Ra\u00fal Leoni. Punto de referencia: Entrando por Pintacasa de La Limpia, ubicado frente al Instituto Universitario Polit\u00e9cnico Santiago Mari\u00f1o.<\/p>\n\n\n\n<p>Ese mismo d\u00eda a las 4.00 de la tarde se realizar\u00e1 la 2da Edici\u00f3n del Conversatorio Maracaibo con Esencia de Mujer en la quinta Villa Carmen.<\/p>\n\n\n\n<p>El lunes 17 y el martes 18 de marzo se realizar\u00e1 desde las 9.00 de la ma\u00f1ana la ExpoTalento Alcald\u00eda de Maracaibo, en la planta baja Palacio Municipal. Los mismos d\u00edas a las 2:00 de la tarde, se realizar\u00e1 la actividad recreativa Arte con Plantas en la sede del IMMIG.<\/p>\n\n\n\n<p>El mi\u00e9rcoles 19 de marzo a las 9.00 de la ma\u00f1ana se efectuar\u00e1 la charla Mujeres sin Techos de Cristal junto a la Oficina Atenci\u00f3n al Ciudadano en el Centro de Participaci\u00f3n Ciudadana de la parroquia Francisco Eugenio Bustamante.<\/p>\n\n\n\n<p>El jueves 20 de marzo a las 10.00 de la ma\u00f1ana se inaugurar\u00e1 la exposici\u00f3n art\u00edstica Pinceladas de Mujer, a cargo de la Direcci\u00f3n de Cultura en el Museo de Artes Gr\u00e1ficas Luis Chac\u00f3n. Y a las 5.00 de la tarde se realizar\u00e1 una bailoterapia en la sede del IMMIG.<\/p>\n\n\n\n<p>El viernes 21 de marzo se realizar\u00e1 en la quinta Villa Carmen las actividades de integraci\u00f3n y recreaci\u00f3n, Encuentro con Mujeres de Primera.<\/p>\n\n\n\n<p>El domingo 23 de marzo a las 8.00 de la ma\u00f1ana se realizar\u00e1 junto con el Instituto Municipal del Deporte y la Recreaci\u00f3n de la Alcald\u00eda de Maracaibo (IMDEPREC) la actividad Mujeres en Movimiento: Clase Fitness \/ Circuito de CrossFit, en el \u00e1rea de calistenia de la entrada de la calzada de la Vereda del Lago.<\/p>\n\n\n\n<figure class=\"wp-block-image size-large\"><img decoding=\"async\" width=\"1024\" height=\"682\" src=\"https:\/\/entretormentas.com\/wp-content\/uploads\/2025\/03\/image-162-1024x682.png\" alt=\"\" class=\"wp-image-14009\" srcset=\"https:\/\/entretormentas.com\/wp-content\/uploads\/2025\/03\/image-162-1024x682.png 1024w, https:\/\/entretormentas.com\/wp-content\/uploads\/2025\/03\/image-162-300x200.png 300w, https:\/\/entretormentas.com\/wp-content\/uploads\/2025\/03\/image-162-768x512.png 768w, https:\/\/entretormentas.com\/wp-content\/uploads\/2025\/03\/image-162-1536x1024.png 1536w, https:\/\/entretormentas.com\/wp-content\/uploads\/2025\/03\/image-162-2048x1365.png 2048w\" sizes=\"(max-width: 1024px) 100vw, 1024px\" \/><\/figure>\n\n\n\n<p>El martes 25 de marzo se celebrar\u00e1 con diversas actividades en espacios p\u00fablicos, el D\u00eda Naranja: Para actuar, generar conciencia y prevenir la violencia contra mujeres y ni\u00f1as. Al mismo tiempo se realizar\u00e1 el Proyecto Diana, que es una mesa de articulaci\u00f3n junto organizaciones y movimientos que protegen los derechos humanos de las mujeres en la que se buscar\u00e1 establecer un plan de acci\u00f3n.<\/p>\n\n\n\n<p>El mi\u00e9rcoles 26 de marzo a las 9.00 de la ma\u00f1ana se realizar\u00e1 el conversatorio Mujer F\u00e9nix junto a la terapeuta de bienestar Yris Ruiz Pi\u00f1eiro, en la sede del IMMIG.<\/p>\n\n\n\n<p>Paralelo a esta agenda se reforzar\u00e1 la prevenci\u00f3n de la violencia basada en g\u00e9nero (VBG) dictando el taller Rompamos Silencios en las parroquias: Juana de \u00c1vila, Francisco Eugenio Bustamante Venancio Pulgar, Chiquinquir\u00e1 y Cecilio Acosta.<\/p>\n\n\n\n<p>\u201cSon muchas m\u00e1s actividades dedicadas a la mujer durante este mes de marzo, por eso les recomendamos que est\u00e9n atentos a nuestras redes sociales y a las del IMMIG para que tengan detalles\u201d, concluy\u00f3 el alcalde encargado.<br><strong><em>ET \/ DCI Alcald\u00eda de Maracaibo<\/em><\/strong><\/p>\n\n\n\n<p><\/p>\n","protected":false},"excerpt":{"rendered":"<p>ENTRE TORMENTAS. Atenci\u00f3n, asesor\u00eda, capacitaci\u00f3n, acompa\u00f1amiento y cultura, engloba la agenda de actividades por el&#8230;<\/p>\n","protected":false},"author":2,"featured_media":14010,"comment_status":"closed","ping_status":"open","sticky":false,"template":"","format":"standard","meta":{"footnotes":""},"categories":[1],"tags":[],"class_list":["post-14007","post","type-post","status-publish","format-standard","has-post-thumbnail","hentry","category-regionales"],"_links":{"self":[{"href":"https:\/\/entretormentas.com\/index.php?rest_route=\/wp\/v2\/posts\/14007","targetHints":{"allow":["GET"]}}],"collection":[{"href":"https:\/\/entretormentas.com\/index.php?rest_route=\/wp\/v2\/posts"}],"about":[{"href":"https:\/\/entretormentas.com\/index.php?rest_route=\/wp\/v2\/types\/post"}],"author":[{"embeddable":true,"href":"https:\/\/entretormentas.com\/index.php?rest_route=\/wp\/v2\/users\/2"}],"replies":[{"embeddable":true,"href":"https:\/\/entretormentas.com\/index.php?rest_route=%2Fwp%2Fv2%2Fcomments&post=14007"}],"version-history":[{"count":1,"href":"https:\/\/entretormentas.com\/index.php?rest_route=\/wp\/v2\/posts\/14007\/revisions"}],"predecessor-version":[{"id":14011,"href":"https:\/\/entretormentas.com\/index.php?rest_route=\/wp\/v2\/posts\/14007\/revisions\/14011"}],"wp:featuredmedia":[{"embeddable":true,"href":"https:\/\/entretormentas.com\/index.php?rest_route=\/wp\/v2\/media\/14010"}],"wp:attachment":[{"href":"https:\/\/entretormentas.com\/index.php?rest_route=%2Fwp%2Fv2%2Fmedia&parent=14007"}],"wp:term":[{"taxonomy":"category","embeddable":true,"href":"https:\/\/entretormentas.com\/index.php?rest_route=%2Fwp%2Fv2%2Fcategories&post=14007"},{"taxonomy":"post_tag","embeddable":true,"href":"https:\/\/entretormentas.com\/index.php?rest_route=%2Fwp%2Fv2%2Ftags&post=14007"}],"curies":[{"name":"wp","href":"https:\/\/api.w.org\/{rel}","templated":true}]}}