{"id":14012,"date":"2025-03-11T06:59:57","date_gmt":"2025-03-11T05:59:57","guid":{"rendered":"https:\/\/entretormentas.com\/?p=14012"},"modified":"2025-03-11T06:59:57","modified_gmt":"2025-03-11T05:59:57","slug":"fuerza-femenina-de-unt-zulia-las-mujeres-tenemos-un-compromiso-con-el-futuro-del-pais-y-nuestro-estado","status":"publish","type":"post","link":"https:\/\/entretormentas.com\/fuerza-femenina-de-unt-zulia-las-mujeres-tenemos-un-compromiso-con-el-futuro-del-pais-y-nuestro-estado\/","title":{"rendered":"FUERZA FEMENINA DE UNT ZULIA: Las mujeres tenemos un compromiso con el futuro del pa\u00eds y nuestro estado"},"content":{"rendered":"\n<p><strong>ENTRE TORMENTAS. <\/strong>\u00abLas mujeres zulianas tenemos un compromiso de lucha por el futuro, por la democracia y la defensa de nuestro estado\u00bb, con esta contundente frase inici\u00f3 el poderoso discurso de Nora Bracho, presidenta de Un Nuevo Tiempo del Zulia, durante el conversatorio \u2018Perspectiva de la Mujer Zuliana\u2019, en conmemoraci\u00f3n del D\u00eda Internacional de la Mujer, en el Auditorio Marlene Ant\u00fanez de la sede regional de la tolda azul.<\/p>\n\n\n\n<p>Durante este significativo encuentro, organizado por la Fuerza Femenina de UNT Zulia, la presidenta destac\u00f3 el firme y decidido compromiso de las mujeres zulianas, subrayando con orgullo la valent\u00eda, fortaleza y determinaci\u00f3n de cada una de ellas en la lucha por un futuro mejor, no solo para nuestra regi\u00f3n, sino para todas las mujeres que, con su esfuerzo diario, est\u00e1n construyendo un Zulia m\u00e1s justo, inclusivo y pr\u00f3spero.<\/p>\n\n\n\n<p>Asimismo, Nikarely Mapari, secretaria de la Fuerza Femenina de UNT Zulia, expres\u00f3: \u201cSeamos un instrumento de lucha para que el Zulia no retroceda. Las mujeres jugamos un papel protag\u00f3nico en la sociedad, porque nuestra regi\u00f3n y nuestro pa\u00eds necesitan de nuestro empuje, de nuestra fuerza. Es hora de que nuestras voces se escuchen con claridad y que nuestras acciones marquen la diferencia. Juntas, con unidad y valent\u00eda, lograremos un Zulia m\u00e1s justo, m\u00e1s inclusivo y con oportunidades para todas\u201d.<\/p>\n\n\n\n<p><strong>TODAS PRESENTES<\/strong><br>Durante el evento se presentaron oradoras destacadas, quienes compartieron sus inspiradoras historias y an\u00e1lisis sobre la lucha por los derechos femeninos. Los temas abordados incluyeron la igualdad de g\u00e9nero, el empoderamiento femenino y las pol\u00edticas necesarias para garantizar un entorno m\u00e1s justo para las mujeres.<\/p>\n\n\n\n<p>Johana Barboza, secretaria del Colegio Nacional de Periodistas, destac\u00f3 el compromiso y la valent\u00eda que tienen las periodistas venezolanas al ejercer su labor en un entorno desafiante. \u00abA pesar de los obst\u00e1culos, cada d\u00eda salimos a trabajar por nuestra Venezuela. Informar se ha convertido en un desaf\u00edo, pero no nos rendimos. Las periodistas venezolanas nos hemos reinventado y seguimos sin miedo\u00bb, afirm\u00f3 Barboza.<\/p>\n\n\n\n<figure class=\"wp-block-image size-large\"><img fetchpriority=\"high\" decoding=\"async\" width=\"1024\" height=\"683\" src=\"https:\/\/entretormentas.com\/wp-content\/uploads\/2025\/03\/image-165-1024x683.png\" alt=\"\" class=\"wp-image-14014\" srcset=\"https:\/\/entretormentas.com\/wp-content\/uploads\/2025\/03\/image-165-1024x683.png 1024w, https:\/\/entretormentas.com\/wp-content\/uploads\/2025\/03\/image-165-300x200.png 300w, https:\/\/entretormentas.com\/wp-content\/uploads\/2025\/03\/image-165-768x512.png 768w, https:\/\/entretormentas.com\/wp-content\/uploads\/2025\/03\/image-165-1536x1024.png 1536w, https:\/\/entretormentas.com\/wp-content\/uploads\/2025\/03\/image-165.png 1600w\" sizes=\"(max-width: 1024px) 100vw, 1024px\" \/><\/figure>\n\n\n\n<p>Por su parte, Laura Garc\u00eda, decana encargada de la Facultad de Ciencias Jur\u00eddicas y Pol\u00edticas de la Universidad del Zulia, expres\u00f3: \u00abVer a tantas mujeres aqu\u00ed reunidas me confirma que hay una lucha que vamos a ganar. La Fuerza Femenina del partido est\u00e1 cohesionada y comprometida\u00bb. Su mensaje motivador subray\u00f3 la unidad y la determinaci\u00f3n de las mujeres presentes, alent\u00e1ndolas a seguir adelante en la b\u00fasqueda de igualdad y justicia.<\/p>\n\n\n\n<p>Asimismo, Damiana Villalobos, presidenta de la Uni\u00f3n de Comerciantes del estado Zulia, inst\u00f3 a las mujeres a emprender con determinaci\u00f3n, afirmando que solo a trav\u00e9s de la iniciativa y el esfuerzo propio pueden alcanzar sus sue\u00f1os y lograr todo lo que se propongan, contribuyendo as\u00ed al desarrollo econ\u00f3mico y social de la regi\u00f3n. Resalt\u00f3 la importancia de que las mujeres se empoderen, conf\u00eden en sus habilidades y busquen siempre nuevas oportunidades, sin temor a los obst\u00e1culos, para seguir construyendo un futuro en el que su voz y liderazgo sean cada vez m\u00e1s fuertes.<\/p>\n\n\n\n<p>La destacada atleta de nataci\u00f3n art\u00edstica, Anastasia Roque, resalt\u00f3 la labor de las atletas zulianas que han enaltecido a Venezuela en el exterior, afirmando que \u00abla mujer zuliana tiene una pasi\u00f3n por el deporte; es un motor que las impulsa a dar lo mejor de s\u00ed misma\u00bb. En sus declaraciones, destac\u00f3 el papel protag\u00f3nico de la Gobernaci\u00f3n del Zulia en el impulso del deporte en el estado.<\/p>\n\n\n\n<p>Para finalizar, Georgina Vicu\u00f1a, presidenta del Colegio de Licenciados en Administraci\u00f3n del estado Zulia, destac\u00f3 el papel esencial de la mujer zuliana en el desarrollo de la regi\u00f3n. Compar\u00f3 su labor con las ramas de un gran \u00e1rbol, donde cada una representa a mujeres que, desde distintos \u00e1mbitos, contribuyen con esfuerzo y dedicaci\u00f3n al crecimiento del estado. \u00abLa mujer zuliana es fundamental en todos los espacios, desde quienes forjan empresas hasta las amas de casa que trabajan incansablemente para llevar el sustento a sus hogares. Somos la fuerza que sostiene a nuestro estado\u00bb, expres\u00f3.<\/p>\n\n\n\n<p>El encuentro no solo celebr\u00f3 los logros alcanzados, sino que tambi\u00e9n reafirm\u00f3 el compromiso de las mujeres de la tolda azul y de la sociedad civil para seguir trabajando juntas por un futuro en el que las mujeres tengan voz y representaci\u00f3n equitativa en todos los \u00e1mbitos.<br><strong><em>ET \/ Nota de Prensa<\/em><\/strong><\/p>\n\n\n\n<p><\/p>\n","protected":false},"excerpt":{"rendered":"<p>ENTRE TORMENTAS. \u00abLas mujeres zulianas tenemos un compromiso de lucha por el futuro, por la&#8230;<\/p>\n","protected":false},"author":2,"featured_media":14013,"comment_status":"closed","ping_status":"open","sticky":false,"template":"","format":"standard","meta":{"footnotes":""},"categories":[1],"tags":[],"class_list":["post-14012","post","type-post","status-publish","format-standard","has-post-thumbnail","hentry","category-regionales"],"_links":{"self":[{"href":"https:\/\/entretormentas.com\/index.php?rest_route=\/wp\/v2\/posts\/14012","targetHints":{"allow":["GET"]}}],"collection":[{"href":"https:\/\/entretormentas.com\/index.php?rest_route=\/wp\/v2\/posts"}],"about":[{"href":"https:\/\/entretormentas.com\/index.php?rest_route=\/wp\/v2\/types\/post"}],"author":[{"embeddable":true,"href":"https:\/\/entretormentas.com\/index.php?rest_route=\/wp\/v2\/users\/2"}],"replies":[{"embeddable":true,"href":"https:\/\/entretormentas.com\/index.php?rest_route=%2Fwp%2Fv2%2Fcomments&post=14012"}],"version-history":[{"count":1,"href":"https:\/\/entretormentas.com\/index.php?rest_route=\/wp\/v2\/posts\/14012\/revisions"}],"predecessor-version":[{"id":14016,"href":"https:\/\/entretormentas.com\/index.php?rest_route=\/wp\/v2\/posts\/14012\/revisions\/14016"}],"wp:featuredmedia":[{"embeddable":true,"href":"https:\/\/entretormentas.com\/index.php?rest_route=\/wp\/v2\/media\/14013"}],"wp:attachment":[{"href":"https:\/\/entretormentas.com\/index.php?rest_route=%2Fwp%2Fv2%2Fmedia&parent=14012"}],"wp:term":[{"taxonomy":"category","embeddable":true,"href":"https:\/\/entretormentas.com\/index.php?rest_route=%2Fwp%2Fv2%2Fcategories&post=14012"},{"taxonomy":"post_tag","embeddable":true,"href":"https:\/\/entretormentas.com\/index.php?rest_route=%2Fwp%2Fv2%2Ftags&post=14012"}],"curies":[{"name":"wp","href":"https:\/\/api.w.org\/{rel}","templated":true}]}}