{"id":14017,"date":"2025-03-11T07:03:25","date_gmt":"2025-03-11T06:03:25","guid":{"rendered":"https:\/\/entretormentas.com\/?p=14017"},"modified":"2025-03-11T07:03:26","modified_gmt":"2025-03-11T06:03:26","slug":"en-emotivo-acto-alcalde-luis-caldera-reconoce-la-labor-de-38-medicos-del-municipio-mara","status":"publish","type":"post","link":"https:\/\/entretormentas.com\/en-emotivo-acto-alcalde-luis-caldera-reconoce-la-labor-de-38-medicos-del-municipio-mara\/","title":{"rendered":"\u00a1EN EMOTIVO ACTO! Alcalde Luis Caldera reconoce la labor de 38 m\u00e9dicos del municipio Mara"},"content":{"rendered":"\n<p><strong>ENTRE TORMENTAS. <\/strong>Este lunes 10 de marzo, al celebrarse del D\u00eda Nacional del M\u00e9dico, el Alcalde de Mara, Luis Caldera, acompa\u00f1ado de la primera combatiente Roselyn L\u00f3pez de Caldera, encabez\u00f3 una emotiva ceremonia de reconocimiento a la labor de 38 m\u00e9dicos, de diversos centros de salud del municipio.<\/p>\n\n\n\n<p>La actividad tuvo lugar en el Sal\u00f3n de Sesiones Luis Beltr\u00e1n Prieto Figueroa del Concejo Municipal de Mara, donde tanto autoridades locales como profesionales de la salud se dieron cita para honrar su invaluable contribuci\u00f3n a la comunidad.<\/p>\n\n\n\n<figure class=\"wp-block-image size-full\"><img fetchpriority=\"high\" decoding=\"async\" width=\"768\" height=\"455\" src=\"https:\/\/entretormentas.com\/wp-content\/uploads\/2025\/03\/image-168.png\" alt=\"\" class=\"wp-image-14019\" srcset=\"https:\/\/entretormentas.com\/wp-content\/uploads\/2025\/03\/image-168.png 768w, https:\/\/entretormentas.com\/wp-content\/uploads\/2025\/03\/image-168-300x178.png 300w\" sizes=\"(max-width: 768px) 100vw, 768px\" \/><\/figure>\n\n\n\n<p>El Alcalde Luis Caldera destac\u00f3 la importancia del trabajo y dedicaci\u00f3n de estos profesionales, quienes enfrentan diariamente los retos que implica cuidar de la salud de la pueblo.<\/p>\n\n\n\n<p>\u00abHa valido la pena el esfuerzo de muchos, que so\u00f1amos con una sociedad m\u00e1s justa, m\u00e1s humana, venciendo la cultura de la muerte, con fe y esperanza, est\u00e1 vigente en el rostro de cada una de ustedes, m\u00e9dicos y m\u00e9dicas, h\u00e9roes y hero\u00ednas, de la Patria buena y bonita\u201d, manifest\u00f3.<\/p>\n\n\n\n<p>Es el D\u00eda Nacional del M\u00e9dico, continu\u00f3 la autoridad marense, \u201cen honor a un insigne venezolano, el doctor Jos\u00e9 Mar\u00eda Vargas, que no solo fue un cient\u00edfico, fue un pacificador. Y hablar del doctor Jos\u00e9 Mar\u00eda Vargas, hoy 10 de marzo del a\u00f1o 2025, su compromiso y vocaci\u00f3n, es fundamental para garantizar el bienestar de nuestro pueblo\u00bb.<\/p>\n\n\n\n<p>En esta emotiva actividad, los 38 m\u00e9dicos, de diferentes especialidades y centros de salud del municipio, recibieron sus reconocimientos como s\u00edmbolo de gratitud por su labor.<\/p>\n\n\n\n<figure class=\"wp-block-image size-full\"><img decoding=\"async\" width=\"768\" height=\"432\" src=\"https:\/\/entretormentas.com\/wp-content\/uploads\/2025\/03\/image-169.png\" alt=\"\" class=\"wp-image-14020\" srcset=\"https:\/\/entretormentas.com\/wp-content\/uploads\/2025\/03\/image-169.png 768w, https:\/\/entretormentas.com\/wp-content\/uploads\/2025\/03\/image-169-300x169.png 300w\" sizes=\"(max-width: 768px) 100vw, 768px\" \/><\/figure>\n\n\n\n<p>Por los galenos, Eliseida Silva, doctora y directora del Centro de Diagn\u00f3stico Integral Presb\u00edtero Luis de Vicente, resalt\u00f3 la importancia de este reconocimiento de la Alcald\u00eda de Mara: \u00abDichoso el que estudia para aprender, el que estudia para ense\u00f1ar, pero m\u00e1s quien lo hace para curar. (\u2026) Hoy nos re\u00fane el \u00fanico prop\u00f3sito de decir somos inspiraci\u00f3n y esperanza, porque nuestro esfuerzo y sacrificio se ve reflejado no solo en un paciente, sino en la vida de cientos de familias que con fe y esperanza creen en nosotros\u201d.<\/p>\n\n\n\n<p>Silva manifest\u00f3: \u201cSin darnos cuenta nos hemos convertido en el h\u00e9roe favorito o en la hero\u00edna y amiga de muchas personas\u00bb.<br><strong><em>ET \/ Nota de Prensa<\/em><\/strong><\/p>\n\n\n\n<p><\/p>\n","protected":false},"excerpt":{"rendered":"<p>ENTRE TORMENTAS. Este lunes 10 de marzo, al celebrarse del D\u00eda Nacional del M\u00e9dico, el&#8230;<\/p>\n","protected":false},"author":2,"featured_media":14018,"comment_status":"closed","ping_status":"open","sticky":false,"template":"","format":"standard","meta":{"footnotes":""},"categories":[1],"tags":[],"class_list":["post-14017","post","type-post","status-publish","format-standard","has-post-thumbnail","hentry","category-regionales"],"_links":{"self":[{"href":"https:\/\/entretormentas.com\/index.php?rest_route=\/wp\/v2\/posts\/14017","targetHints":{"allow":["GET"]}}],"collection":[{"href":"https:\/\/entretormentas.com\/index.php?rest_route=\/wp\/v2\/posts"}],"about":[{"href":"https:\/\/entretormentas.com\/index.php?rest_route=\/wp\/v2\/types\/post"}],"author":[{"embeddable":true,"href":"https:\/\/entretormentas.com\/index.php?rest_route=\/wp\/v2\/users\/2"}],"replies":[{"embeddable":true,"href":"https:\/\/entretormentas.com\/index.php?rest_route=%2Fwp%2Fv2%2Fcomments&post=14017"}],"version-history":[{"count":1,"href":"https:\/\/entretormentas.com\/index.php?rest_route=\/wp\/v2\/posts\/14017\/revisions"}],"predecessor-version":[{"id":14021,"href":"https:\/\/entretormentas.com\/index.php?rest_route=\/wp\/v2\/posts\/14017\/revisions\/14021"}],"wp:featuredmedia":[{"embeddable":true,"href":"https:\/\/entretormentas.com\/index.php?rest_route=\/wp\/v2\/media\/14018"}],"wp:attachment":[{"href":"https:\/\/entretormentas.com\/index.php?rest_route=%2Fwp%2Fv2%2Fmedia&parent=14017"}],"wp:term":[{"taxonomy":"category","embeddable":true,"href":"https:\/\/entretormentas.com\/index.php?rest_route=%2Fwp%2Fv2%2Fcategories&post=14017"},{"taxonomy":"post_tag","embeddable":true,"href":"https:\/\/entretormentas.com\/index.php?rest_route=%2Fwp%2Fv2%2Ftags&post=14017"}],"curies":[{"name":"wp","href":"https:\/\/api.w.org\/{rel}","templated":true}]}}