{"id":14022,"date":"2025-03-11T07:06:31","date_gmt":"2025-03-11T06:06:31","guid":{"rendered":"https:\/\/entretormentas.com\/?p=14022"},"modified":"2025-03-11T07:06:32","modified_gmt":"2025-03-11T06:06:32","slug":"carlos-dickson-sec-gral-de-unt-zulia-la-abstencion-no-nos-ha-llevado-a-ningun-lado-en-2017-tuvimos-cuatro-anos-de-desgracia","status":"publish","type":"post","link":"https:\/\/entretormentas.com\/carlos-dickson-sec-gral-de-unt-zulia-la-abstencion-no-nos-ha-llevado-a-ningun-lado-en-2017-tuvimos-cuatro-anos-de-desgracia\/","title":{"rendered":"CARLOS DICKSON, SEC. GRAL. DE UNT ZULIA: \u00abLa abstenci\u00f3n no nos ha llevado a ning\u00fan lado. En 2017 tuvimos cuatro a\u00f1os de desgracia\u00bb"},"content":{"rendered":"\n<p><strong>ENTRE TORMENTAS. <\/strong>Durante una entrevista en el programa A 8 Columnas, conducido por Rafael Galicia, el secretario general de Un Nuevo Tiempo Zulia, Carlos Dickson, hizo un llamado a la participaci\u00f3n ciudadana en las elecciones del pr\u00f3ximo 25 de mayo, enfatizando que la abstenci\u00f3n solo ha tra\u00eddo consecuencias negativas para el pa\u00eds.<\/p>\n\n\n\n<p>\u00abNo hay que botar el voto. Lo que est\u00e1 en juego es el pa\u00eds que queremos. La abstenci\u00f3n no nos ha llevado a ning\u00fan lado. En 2005 dejamos la Asamblea Nacional y modificaron las leyes a su gusto; esas leyes hoy son una camisa de fuerza. En 2017 tuvimos abstenci\u00f3n y pasamos cuatro a\u00f1os de desgracias en el Zulia porque no votamos\u00bb, expres\u00f3 Dickson.<\/p>\n\n\n\n<p>El dirigente insisti\u00f3 en la importancia de que no solo el Zulia, sino toda Venezuela, ejerza su derecho al voto para elegir a los mejores candidatos en la Asamblea Nacional, los Consejos Legislativos y los Concejos Municipales.<\/p>\n\n\n\n<figure class=\"wp-block-image size-full\"><img fetchpriority=\"high\" decoding=\"async\" width=\"1001\" height=\"540\" src=\"https:\/\/entretormentas.com\/wp-content\/uploads\/2025\/03\/image-171.png\" alt=\"\" class=\"wp-image-14024\" srcset=\"https:\/\/entretormentas.com\/wp-content\/uploads\/2025\/03\/image-171.png 1001w, https:\/\/entretormentas.com\/wp-content\/uploads\/2025\/03\/image-171-300x162.png 300w, https:\/\/entretormentas.com\/wp-content\/uploads\/2025\/03\/image-171-768x414.png 768w\" sizes=\"(max-width: 1001px) 100vw, 1001px\" \/><\/figure>\n\n\n\n<p><strong>DI\u00c1LOGO Y TRABAJO POR EL ZULIA<\/strong><br>Carlos Dickson reafirm\u00f3 su compromiso con el di\u00e1logo y la construcci\u00f3n de consensos: \u00abCreo en el di\u00e1logo, siempre se puede dialogar con el m\u00e1s grande adversario\u00bb. Asimismo, destac\u00f3 el trabajo que se ha realizado en el Zulia bajo la gesti\u00f3n del gobernador Manuel Rosales Guerrero, quien, seg\u00fan \u00e9l, ha devuelto el orgullo a la regi\u00f3n.<\/p>\n\n\n\n<p>\u00abEl gobernador ha permitido la diversidad de pensamiento y la discusi\u00f3n de ideas. Esa es su primera obra. Ha generado confianza en la inversi\u00f3n porque se ve progreso en el estado. Adem\u00e1s, ha impulsado la educaci\u00f3n con inversiones en rob\u00f3tica y la mejora de escuelas en todo el Zulia\u00bb, afirm\u00f3.<\/p>\n\n\n\n<p>En materia de salud, destac\u00f3 que Rosales ha priorizado la recuperaci\u00f3n de ambulatorios y hospitales, adem\u00e1s de la rehabilitaci\u00f3n de calles y la instalaci\u00f3n de se\u00f1alizaciones en diversas v\u00edas del estado.<\/p>\n\n\n\n<p><strong>PARTICIPACI\u00d3N CIUDADANA<\/strong><br>Finalmente, el secretario general resalt\u00f3 que la poblaci\u00f3n ha mostrado un gran inter\u00e9s en participar en los comicios del 25 de mayo. \u00abHemos consultado con la gente y la mayor\u00eda quiere salir a votar. He podido palpar que tenemos una gran familia pol\u00edtica con grandes l\u00edderes sociales, que respaldan y protegen en cada una de las comunidades\u00bb, concluy\u00f3.<\/p>\n\n\n\n<p>Con este llamado, Dickson enfatiz\u00f3 que el voto es la herramienta fundamental para definir el rumbo del pa\u00eds y garantizar una mejor calidad de vida para los ciudadanos.<br><strong><em>ET \/ Nota de prensa<\/em><\/strong><\/p>\n\n\n\n<p><\/p>\n","protected":false},"excerpt":{"rendered":"<p>ENTRE TORMENTAS. Durante una entrevista en el programa A 8 Columnas, conducido por Rafael Galicia,&#8230;<\/p>\n","protected":false},"author":2,"featured_media":14023,"comment_status":"closed","ping_status":"open","sticky":false,"template":"","format":"standard","meta":{"footnotes":""},"categories":[1],"tags":[],"class_list":["post-14022","post","type-post","status-publish","format-standard","has-post-thumbnail","hentry","category-regionales"],"_links":{"self":[{"href":"https:\/\/entretormentas.com\/index.php?rest_route=\/wp\/v2\/posts\/14022","targetHints":{"allow":["GET"]}}],"collection":[{"href":"https:\/\/entretormentas.com\/index.php?rest_route=\/wp\/v2\/posts"}],"about":[{"href":"https:\/\/entretormentas.com\/index.php?rest_route=\/wp\/v2\/types\/post"}],"author":[{"embeddable":true,"href":"https:\/\/entretormentas.com\/index.php?rest_route=\/wp\/v2\/users\/2"}],"replies":[{"embeddable":true,"href":"https:\/\/entretormentas.com\/index.php?rest_route=%2Fwp%2Fv2%2Fcomments&post=14022"}],"version-history":[{"count":1,"href":"https:\/\/entretormentas.com\/index.php?rest_route=\/wp\/v2\/posts\/14022\/revisions"}],"predecessor-version":[{"id":14025,"href":"https:\/\/entretormentas.com\/index.php?rest_route=\/wp\/v2\/posts\/14022\/revisions\/14025"}],"wp:featuredmedia":[{"embeddable":true,"href":"https:\/\/entretormentas.com\/index.php?rest_route=\/wp\/v2\/media\/14023"}],"wp:attachment":[{"href":"https:\/\/entretormentas.com\/index.php?rest_route=%2Fwp%2Fv2%2Fmedia&parent=14022"}],"wp:term":[{"taxonomy":"category","embeddable":true,"href":"https:\/\/entretormentas.com\/index.php?rest_route=%2Fwp%2Fv2%2Fcategories&post=14022"},{"taxonomy":"post_tag","embeddable":true,"href":"https:\/\/entretormentas.com\/index.php?rest_route=%2Fwp%2Fv2%2Ftags&post=14022"}],"curies":[{"name":"wp","href":"https:\/\/api.w.org\/{rel}","templated":true}]}}