{"id":14029,"date":"2025-03-11T07:13:29","date_gmt":"2025-03-11T06:13:29","guid":{"rendered":"https:\/\/entretormentas.com\/?p=14029"},"modified":"2025-03-11T07:13:30","modified_gmt":"2025-03-11T06:13:30","slug":"en-el-dia-mundial-del-saneamiento-ambiental-alcaldia-de-san-francisco-emprende-limpieza-de-costas-del-lago","status":"publish","type":"post","link":"https:\/\/entretormentas.com\/en-el-dia-mundial-del-saneamiento-ambiental-alcaldia-de-san-francisco-emprende-limpieza-de-costas-del-lago\/","title":{"rendered":"\u00a1EN EL D\u00cdA MUNDIAL DEL SANEAMIENTO AMBIENTAL! Alcald\u00eda de San Francisco emprende limpieza de costas del Lago"},"content":{"rendered":"\n<p><strong>ENTRE TORMENTAS. <\/strong>En el marco del D\u00eda Mundial del saneamiento ambiental celebrado este 9 de marzo de 2025, la gesti\u00f3n del alcalde Gustavo Fern\u00e1ndez M\u00e9ndez, por medio del Instituto P\u00fablico Municipal de Ambiente y Aseo Urbano (Imasur), liderado por Carlos Calles, ejecut\u00f3 una megajornada de saneamiento ambiental en las costas del Lago de Maracaibo.<\/p>\n\n\n\n<p>La alcald\u00eda de San Francisco contin\u00faa cumpliendo con la limpieza y armonizaci\u00f3n de espacios para la recreaci\u00f3n de la ciudadan\u00eda, en esta oportunidad con un equipo de trabajadores de aproximadamente 98 personas, distribuidos en seis cuadrillas en los alrededores de la imponente Plaza Bol\u00edvar del municipio.<\/p>\n\n\n\n<figure class=\"wp-block-image size-large\"><img fetchpriority=\"high\" decoding=\"async\" width=\"1024\" height=\"680\" src=\"https:\/\/entretormentas.com\/wp-content\/uploads\/2025\/03\/image-174-1024x680.png\" alt=\"\" class=\"wp-image-14031\" srcset=\"https:\/\/entretormentas.com\/wp-content\/uploads\/2025\/03\/image-174-1024x680.png 1024w, https:\/\/entretormentas.com\/wp-content\/uploads\/2025\/03\/image-174-300x199.png 300w, https:\/\/entretormentas.com\/wp-content\/uploads\/2025\/03\/image-174-768x510.png 768w, https:\/\/entretormentas.com\/wp-content\/uploads\/2025\/03\/image-174.png 1280w\" sizes=\"(max-width: 1024px) 100vw, 1024px\" \/><\/figure>\n\n\n\n<p>El equipo de Imasur a trav\u00e9s de la direcci\u00f3n de Plazas y Parques, la direcci\u00f3n de Saneamiento Ambiental y la direcci\u00f3n de Educaci\u00f3n Ambiental, iniciaron la jornada desde tempranas horas, para llevar a cabo la higienizaci\u00f3n de estos espacios, con el objetivo de recuperar este tramo de la costa del Lago. \u00abBajo el liderazgo del alcalde Gustavo Fern\u00e1ndez M\u00e9ndez, seguimos cumpliendo con nuestras labores, para el rescate de las costas del Lago de Maracaibo en conmemoraci\u00f3n de este d\u00eda tan importante\u00bb, indic\u00f3 Efra\u00edn Chirinos, coordinador general de la direcci\u00f3n de Saneamiento Ambiental de Imasur.<\/p>\n\n\n\n<p>Jos\u00e9 Flores, representante de la direcci\u00f3n de Educaci\u00f3n Ambiental de Imasur, manifest\u00f3 la importancia de conservar los espacios p\u00fablicos de todo el municipio San Francisco. \u00abEstamos trabajando en funci\u00f3n de seguir en esta gran cruzada de limpiar nuestras playas, nuestras costas, ya que todos los d\u00edas debemos estar en la calle concientizando a los ciudadanos, en pro de que escudemos nuestro medio ambiente y la mejor manera es mantenerlo limpio\u201d.<\/p>\n\n\n\n<figure class=\"wp-block-image size-large\"><img decoding=\"async\" width=\"1024\" height=\"680\" src=\"https:\/\/entretormentas.com\/wp-content\/uploads\/2025\/03\/image-175-1024x680.png\" alt=\"\" class=\"wp-image-14032\" srcset=\"https:\/\/entretormentas.com\/wp-content\/uploads\/2025\/03\/image-175-1024x680.png 1024w, https:\/\/entretormentas.com\/wp-content\/uploads\/2025\/03\/image-175-300x199.png 300w, https:\/\/entretormentas.com\/wp-content\/uploads\/2025\/03\/image-175-768x510.png 768w, https:\/\/entretormentas.com\/wp-content\/uploads\/2025\/03\/image-175.png 1280w\" sizes=\"(max-width: 1024px) 100vw, 1024px\" \/><\/figure>\n\n\n\n<p>De esta forma la Alcald\u00eda de San Francisco contin\u00faa la labor de sanear las costas y todos sus alrededores, mediante la recolecci\u00f3n de desechos s\u00f3lidos y vegetales, con el prop\u00f3sito de que todos los ciudadanos puedan gozar de espacios libres de enfermedades y plagas que permitan el disfrute de las familias sanfranciscanas con total tranquilidad.<br><strong><em>ET \/ Alcald\u00eda de San Francisco<\/em><\/strong><\/p>\n","protected":false},"excerpt":{"rendered":"<p>ENTRE TORMENTAS. En el marco del D\u00eda Mundial del saneamiento ambiental celebrado este 9 de&#8230;<\/p>\n","protected":false},"author":2,"featured_media":14030,"comment_status":"closed","ping_status":"open","sticky":false,"template":"","format":"standard","meta":{"footnotes":""},"categories":[57,1],"tags":[],"class_list":["post-14029","post","type-post","status-publish","format-standard","has-post-thumbnail","hentry","category-actualidad","category-regionales"],"_links":{"self":[{"href":"https:\/\/entretormentas.com\/index.php?rest_route=\/wp\/v2\/posts\/14029","targetHints":{"allow":["GET"]}}],"collection":[{"href":"https:\/\/entretormentas.com\/index.php?rest_route=\/wp\/v2\/posts"}],"about":[{"href":"https:\/\/entretormentas.com\/index.php?rest_route=\/wp\/v2\/types\/post"}],"author":[{"embeddable":true,"href":"https:\/\/entretormentas.com\/index.php?rest_route=\/wp\/v2\/users\/2"}],"replies":[{"embeddable":true,"href":"https:\/\/entretormentas.com\/index.php?rest_route=%2Fwp%2Fv2%2Fcomments&post=14029"}],"version-history":[{"count":1,"href":"https:\/\/entretormentas.com\/index.php?rest_route=\/wp\/v2\/posts\/14029\/revisions"}],"predecessor-version":[{"id":14033,"href":"https:\/\/entretormentas.com\/index.php?rest_route=\/wp\/v2\/posts\/14029\/revisions\/14033"}],"wp:featuredmedia":[{"embeddable":true,"href":"https:\/\/entretormentas.com\/index.php?rest_route=\/wp\/v2\/media\/14030"}],"wp:attachment":[{"href":"https:\/\/entretormentas.com\/index.php?rest_route=%2Fwp%2Fv2%2Fmedia&parent=14029"}],"wp:term":[{"taxonomy":"category","embeddable":true,"href":"https:\/\/entretormentas.com\/index.php?rest_route=%2Fwp%2Fv2%2Fcategories&post=14029"},{"taxonomy":"post_tag","embeddable":true,"href":"https:\/\/entretormentas.com\/index.php?rest_route=%2Fwp%2Fv2%2Ftags&post=14029"}],"curies":[{"name":"wp","href":"https:\/\/api.w.org\/{rel}","templated":true}]}}