{"id":14039,"date":"2025-03-11T07:20:02","date_gmt":"2025-03-11T06:20:02","guid":{"rendered":"https:\/\/entretormentas.com\/?p=14039"},"modified":"2025-03-11T07:20:03","modified_gmt":"2025-03-11T06:20:03","slug":"exhorto-publico-adrian-romero-pide-a-corpoelec-que-informe-donde-sera-la-administracion-de-carga","status":"publish","type":"post","link":"https:\/\/entretormentas.com\/exhorto-publico-adrian-romero-pide-a-corpoelec-que-informe-donde-sera-la-administracion-de-carga\/","title":{"rendered":"\u00a1EXHORTO P\u00daBLICO! Adri\u00e1n Romero pide a Corpoelec que informe d\u00f3nde ser\u00e1 la administraci\u00f3n de carga"},"content":{"rendered":"\n<p><strong>ENTRE TORMENTAS.<\/strong> Ante la reaparici\u00f3n de los horarios de administraci\u00f3n de carga el\u00e9ctrica durante el pasado fin de semana, Adri\u00e1n Romero, alcalde encargado de Maracaibo, pidi\u00f3 a Corpoelec informar d\u00f3nde y cu\u00e1ndo ser\u00e1n los cortes flujo el\u00e9ctrico para que los ciudadanos y los comerciantes tomen las medidas pertinentes ante la situaci\u00f3n.<\/p>\n\n\n\n<p>\u201cNotamos el fin de semana y en muchas zonas de Maracaibo que est\u00e1 regresando lo que es la administraci\u00f3n de carga. Hacemos un llamado a Corpoelec informe ciertamente d\u00f3nde se va hacer la administraci\u00f3n de carga porque afecta. Nos hemos dado cuenta cuando andamos en las noches en las comunidades, a veces tenemos planificados una actividad y cuando llegamos se va la luz y tenemos que hacer esa jornada a oscura\u201d, coment\u00f3 el jefe del ejecutivo municipal.<\/p>\n\n\n\n<p>Romero ofreci\u00f3 el apoyo del ayuntamiento marabino a la empresa el\u00e9ctrica para que \u201cde alguna u otra forma\u201d resolver este tema que afecta, no solamente la parte comercial, sino la para residencial.<\/p>\n\n\n\n<p>\u201cImaginen salir de una jornada laboral y llegue a las 7.00 u 8.00 de la noche a su casa y cuando va entrando o abriendo la puerta de su casa se va la luz. Es importante que nos hablen con claridad para nosotros estar preparados, as\u00ed como apoyar y ayudar en todo lo que tiene que ver en solucionar un problema de vital importancia para Maracaibo, Zulia y el pa\u00eds\u201d, se\u00f1al\u00f3 el alcalde.<br><strong><em>ET \/ Foco Informativo<\/em><\/strong><\/p>\n","protected":false},"excerpt":{"rendered":"<p>ENTRE TORMENTAS. Ante la reaparici\u00f3n de los horarios de administraci\u00f3n de carga el\u00e9ctrica durante el&#8230;<\/p>\n","protected":false},"author":2,"featured_media":14040,"comment_status":"closed","ping_status":"open","sticky":false,"template":"","format":"standard","meta":{"footnotes":""},"categories":[57,1],"tags":[],"class_list":["post-14039","post","type-post","status-publish","format-standard","has-post-thumbnail","hentry","category-actualidad","category-regionales"],"_links":{"self":[{"href":"https:\/\/entretormentas.com\/index.php?rest_route=\/wp\/v2\/posts\/14039","targetHints":{"allow":["GET"]}}],"collection":[{"href":"https:\/\/entretormentas.com\/index.php?rest_route=\/wp\/v2\/posts"}],"about":[{"href":"https:\/\/entretormentas.com\/index.php?rest_route=\/wp\/v2\/types\/post"}],"author":[{"embeddable":true,"href":"https:\/\/entretormentas.com\/index.php?rest_route=\/wp\/v2\/users\/2"}],"replies":[{"embeddable":true,"href":"https:\/\/entretormentas.com\/index.php?rest_route=%2Fwp%2Fv2%2Fcomments&post=14039"}],"version-history":[{"count":1,"href":"https:\/\/entretormentas.com\/index.php?rest_route=\/wp\/v2\/posts\/14039\/revisions"}],"predecessor-version":[{"id":14041,"href":"https:\/\/entretormentas.com\/index.php?rest_route=\/wp\/v2\/posts\/14039\/revisions\/14041"}],"wp:featuredmedia":[{"embeddable":true,"href":"https:\/\/entretormentas.com\/index.php?rest_route=\/wp\/v2\/media\/14040"}],"wp:attachment":[{"href":"https:\/\/entretormentas.com\/index.php?rest_route=%2Fwp%2Fv2%2Fmedia&parent=14039"}],"wp:term":[{"taxonomy":"category","embeddable":true,"href":"https:\/\/entretormentas.com\/index.php?rest_route=%2Fwp%2Fv2%2Fcategories&post=14039"},{"taxonomy":"post_tag","embeddable":true,"href":"https:\/\/entretormentas.com\/index.php?rest_route=%2Fwp%2Fv2%2Ftags&post=14039"}],"curies":[{"name":"wp","href":"https:\/\/api.w.org\/{rel}","templated":true}]}}