{"id":14042,"date":"2025-03-11T07:24:04","date_gmt":"2025-03-11T06:24:04","guid":{"rendered":"https:\/\/entretormentas.com\/?p=14042"},"modified":"2025-03-11T07:24:04","modified_gmt":"2025-03-11T06:24:04","slug":"respetados-jovenes-zulianos-se-inscriben-para-votar-y-piden-mas-tiempo-para-el-registro-electoral","status":"publish","type":"post","link":"https:\/\/entretormentas.com\/respetados-jovenes-zulianos-se-inscriben-para-votar-y-piden-mas-tiempo-para-el-registro-electoral\/","title":{"rendered":"\u00a1RESPETADOS! J\u00f3venes zulianos se inscriben para votar y piden m\u00e1s tiempo para el registro electoral"},"content":{"rendered":"\n<p><strong>ENTRE TORMENTAS. <\/strong>Un grupo de j\u00f3venes estudiantes universitarios asisti\u00f3 este lunes 10 de marzo a la sede del Concejo Nacional Electoral (CNE) en La Barraca, Maracaibo, con el objetivo de inscribirse o actualizar su Registro Electoral Permanente, con miras a las pr\u00f3ximas elecciones parlamentarias y regionales, programadas para el 25 de mayo de 2025. Los j\u00f3venes destacaron su entusiasmo y compromiso con la democracia, considerando este proceso como un paso fundamental para ejercer su derecho al voto.<\/p>\n\n\n\n<p>Durante la jornada, los estudiantes universitarios aprovecharon el momento para hacer un llamado a las autoridades del CNE a considerar la extensi\u00f3n del periodo para la inscripci\u00f3n en el registro electoral. El objetivo, seg\u00fan expresaron los voceros, es permitir que la mayor cantidad posible de venezolanos pueda participar en los comicios de mayo, garantizando que ning\u00fan ciudadano quede fuera del proceso electoral.<\/p>\n\n\n\n<figure class=\"wp-block-image size-large\"><img fetchpriority=\"high\" decoding=\"async\" width=\"1024\" height=\"768\" src=\"https:\/\/entretormentas.com\/wp-content\/uploads\/2025\/03\/image-182-1024x768.png\" alt=\"\" class=\"wp-image-14045\" srcset=\"https:\/\/entretormentas.com\/wp-content\/uploads\/2025\/03\/image-182-1024x768.png 1024w, https:\/\/entretormentas.com\/wp-content\/uploads\/2025\/03\/image-182-300x225.png 300w, https:\/\/entretormentas.com\/wp-content\/uploads\/2025\/03\/image-182-768x576.png 768w, https:\/\/entretormentas.com\/wp-content\/uploads\/2025\/03\/image-182.png 1280w\" sizes=\"(max-width: 1024px) 100vw, 1024px\" \/><\/figure>\n\n\n\n<p>Los presentes se\u00f1alaron que la juventud contin\u00faa apostando por las v\u00edas electorales, demostrando su responsabilidad y compromiso con el futuro de la naci\u00f3n. \u201cEste movimiento no tiene colores ni banderas pol\u00edticas. Es el derecho de cada ciudadano a expresarse, a decidir, a formar parte del destino de su pa\u00eds. Es el despertar de una juventud que se niega a ser espectadora y que ha decidido ser protagonista\u201d, indic\u00f3 uno de los voceros, reafirmando el car\u00e1cter inclusivo y plural de la movilizaci\u00f3n juvenil.<\/p>\n\n\n\n<p>En sus intervenciones, los estudiantes tambi\u00e9n agradecieron la participaci\u00f3n de los presentes en el proceso de inscripci\u00f3n. Voceros como Jos\u00e9 Bautista, Jos\u00e9 Garc\u00eda, Michell Gonz\u00e1lez y Hillary Oliveros reiteraron la importancia de ser parte activa de la democracia. \u201cHoy demostramos que la juventud sigue apostando por el futuro del pa\u00eds a trav\u00e9s de las v\u00edas democr\u00e1ticas. La inscripci\u00f3n es un paso importante, pero necesitamos m\u00e1s tiempo para que todos puedan participar\u201d, coment\u00f3 Jos\u00e9 Garc\u00eda, quien inst\u00f3 al CNE a extender el plazo para que m\u00e1s venezolanos puedan registrarse.<\/p>\n\n\n\n<p>Michelle Gonz\u00e1lez agreg\u00f3 que los j\u00f3venes se han movilizado de manera pac\u00edfica y consciente de su compromiso. \u201cEstamos aqu\u00ed porque creemos en la democracia. Sabemos que la participaci\u00f3n es el camino para transformar nuestro pa\u00eds. El voto es nuestra herramienta para generar cambios y no podemos quedarnos callados\u201d, subray\u00f3.<\/p>\n\n\n\n<p>Por su parte, Hillary Oliveros destac\u00f3 que la juventud de Venezuela est\u00e1 dispuesta a tomar las riendas de su futuro. \u201cHoy, desde el Zulia, le decimos a toda Venezuela: nuestra voz cuenta, nuestro voto cuenta. No vamos a quedarnos callados\u201d, afirm\u00f3, destacando el car\u00e1cter decidido de los j\u00f3venes venezolanos.<\/p>\n\n\n\n<figure class=\"wp-block-image size-full\"><img decoding=\"async\" width=\"800\" height=\"600\" src=\"https:\/\/entretormentas.com\/wp-content\/uploads\/2025\/03\/image-181.png\" alt=\"\" class=\"wp-image-14044\" srcset=\"https:\/\/entretormentas.com\/wp-content\/uploads\/2025\/03\/image-181.png 800w, https:\/\/entretormentas.com\/wp-content\/uploads\/2025\/03\/image-181-300x225.png 300w, https:\/\/entretormentas.com\/wp-content\/uploads\/2025\/03\/image-181-768x576.png 768w\" sizes=\"(max-width: 800px) 100vw, 800px\" \/><\/figure>\n\n\n\n<p>Los voceros tambi\u00e9n expresaron su preocupaci\u00f3n por el corto plazo disponible para que todos los ciudadanos puedan inscribirse. En este sentido, recalcaron que, de no anunciarse una pr\u00f3rroga en el registro electoral, muchos venezolanos se ver\u00e1n excluidos del proceso electoral del 25 de mayo, lo que afectar\u00eda el derecho de participaci\u00f3n de una gran parte de la poblaci\u00f3n.<\/p>\n\n\n\n<p>Por \u00faltimo, los estudiantes hicieron un llamado a la ciudadan\u00eda y a las autoridades del CNE a garantizar que todos los venezolanos puedan ejercer su derecho al voto en las pr\u00f3ximas elecciones. \u201cLa participaci\u00f3n electoral es la \u00fanica v\u00eda para construir una Venezuela m\u00e1s justa y democr\u00e1tica. No dejemos pasar la oportunidad de ser parte del cambio que necesitamos\u201d, concluy\u00f3 Gonz\u00e1lez.<br><strong><em>ET \/ Nota de Prensa<\/em><\/strong><\/p>\n","protected":false},"excerpt":{"rendered":"<p>ENTRE TORMENTAS. Un grupo de j\u00f3venes estudiantes universitarios asisti\u00f3 este lunes 10 de marzo a&#8230;<\/p>\n","protected":false},"author":2,"featured_media":14043,"comment_status":"closed","ping_status":"open","sticky":false,"template":"","format":"standard","meta":{"footnotes":""},"categories":[57,1],"tags":[],"class_list":["post-14042","post","type-post","status-publish","format-standard","has-post-thumbnail","hentry","category-actualidad","category-regionales"],"_links":{"self":[{"href":"https:\/\/entretormentas.com\/index.php?rest_route=\/wp\/v2\/posts\/14042","targetHints":{"allow":["GET"]}}],"collection":[{"href":"https:\/\/entretormentas.com\/index.php?rest_route=\/wp\/v2\/posts"}],"about":[{"href":"https:\/\/entretormentas.com\/index.php?rest_route=\/wp\/v2\/types\/post"}],"author":[{"embeddable":true,"href":"https:\/\/entretormentas.com\/index.php?rest_route=\/wp\/v2\/users\/2"}],"replies":[{"embeddable":true,"href":"https:\/\/entretormentas.com\/index.php?rest_route=%2Fwp%2Fv2%2Fcomments&post=14042"}],"version-history":[{"count":1,"href":"https:\/\/entretormentas.com\/index.php?rest_route=\/wp\/v2\/posts\/14042\/revisions"}],"predecessor-version":[{"id":14046,"href":"https:\/\/entretormentas.com\/index.php?rest_route=\/wp\/v2\/posts\/14042\/revisions\/14046"}],"wp:featuredmedia":[{"embeddable":true,"href":"https:\/\/entretormentas.com\/index.php?rest_route=\/wp\/v2\/media\/14043"}],"wp:attachment":[{"href":"https:\/\/entretormentas.com\/index.php?rest_route=%2Fwp%2Fv2%2Fmedia&parent=14042"}],"wp:term":[{"taxonomy":"category","embeddable":true,"href":"https:\/\/entretormentas.com\/index.php?rest_route=%2Fwp%2Fv2%2Fcategories&post=14042"},{"taxonomy":"post_tag","embeddable":true,"href":"https:\/\/entretormentas.com\/index.php?rest_route=%2Fwp%2Fv2%2Ftags&post=14042"}],"curies":[{"name":"wp","href":"https:\/\/api.w.org\/{rel}","templated":true}]}}