{"id":14047,"date":"2025-03-11T07:26:32","date_gmt":"2025-03-11T06:26:32","guid":{"rendered":"https:\/\/entretormentas.com\/?p=14047"},"modified":"2025-03-11T07:26:33","modified_gmt":"2025-03-11T06:26:33","slug":"vicepresidenta-del-mas-union-de-los-venezolanos-impedira-el-aislamiento-del-pais","status":"publish","type":"post","link":"https:\/\/entretormentas.com\/vicepresidenta-del-mas-union-de-los-venezolanos-impedira-el-aislamiento-del-pais\/","title":{"rendered":"VICEPRESIDENTA DEL MAS: \u00abUni\u00f3n de los venezolanos impedir\u00e1 el aislamiento del pa\u00eds\u00bb"},"content":{"rendered":"\n<p><strong>ENTRE TORMENTAS. <\/strong>Ante la diatriba pol\u00edtica y diplom\u00e1tica entre los gobiernos de Nicol\u00e1s Maduro y Donald Trump, la vicepresidenta del MAS, Mar\u00eda Verdeal, advirti\u00f3 que quienes pagan las consecuencias son los ciudadanos venezolanos que est\u00e1n siendo perseguidos por los Estados Unidos, debido a la orden del Ejecutivo de no enviar m\u00e1s aviones para repatriarlos.<\/p>\n\n\n\n<p>Afirm\u00f3 que la tensi\u00f3n entre ambos pa\u00edses se acent\u00faa cada vez m\u00e1s debido a la revocatoria de la licencia petrolera de Chevron y la eliminaci\u00f3n de la figura del Estatus de Protecci\u00f3n Temporal (TPS) a m\u00e1s de 600 mil venezolanos que residen en los Estados Unidos.<\/p>\n\n\n\n<p>\u00abLos venezolanos ni ning\u00fan ser humano deben ser utilizados para dirimir una controversia econ\u00f3mica y pol\u00edtica. Los que viven all\u00e1 se encuentran en un limbo y quienes vivimos en el pa\u00eds, pagaremos las consecuencias de la eliminaci\u00f3n de licencias petroleras y su severo impacto en nuestra industria\u00bb.<\/p>\n\n\n\n<p>Ratific\u00f3 que el MAS siempre se ha manifestado en contra de las sanciones porque lesionan la econom\u00eda nacional y el bolsillo de los venezolanos, y en nada perjudican a quienes est\u00e1n en el poder.<\/p>\n\n\n\n<p>\u00abCon las sanciones, el gobierno justifica una vez m\u00e1s, su inacci\u00f3n para ajustar el salario, acometer las inversiones que necesita el pa\u00eds y otras medidas econ\u00f3micas y sociales, situaci\u00f3n que arrastramos desde hace muchos a\u00f1os\u00bb.<\/p>\n\n\n\n<p>Verdeal reiter\u00f3 que la pol\u00edtica de sanciones econ\u00f3micas acent\u00faa las condiciones de pobreza de la poblaci\u00f3n y no cumple con el pretendido objetivo de producir \u00abun cambio pol\u00edtico\u00bb, m\u00e1s bien agrava la posibilidad de recuperar nuestra industria petrolera, afectando la liquidez de d\u00f3lares que inyecta el Estado al mercado cambiario\u00bb.<\/p>\n\n\n\n<p>Sin embargo, la vicepresidenta de la tolda naranja recalc\u00f3 que la destrucci\u00f3n de la econom\u00eda venezolana se inici\u00f3 con<br>las expropiaciones que hizo el entonces presidente Hugo Ch\u00e1vez, as\u00ed como con la persecuci\u00f3n a la empresa privada, a la banca, el aumento del encaje legal y otro mont\u00f3n de situaciones.<\/p>\n\n\n\n<p>Con respecto las elecciones del 25 de mayo, Verdeal manifest\u00f3 su preocupaci\u00f3n porque a dos semanas de iniciarse el proceso de postulaciones, el CNE no informa cu\u00e1les son las tarjetas pol\u00edticas habilitadas.<\/p>\n\n\n\n<p>\u00abAl pa\u00eds se le est\u00e1 acorralando, dej\u00e1ndolo en un callej\u00f3n sin salida. Las elecciones son una coyuntura, pero hay que seguir levantando la voz para defender las escasas banderas democr\u00e1ticas que tenemos\u00bb.<\/p>\n\n\n\n<p>La dirigente pol\u00edtica destac\u00f3 la reciente manifestaci\u00f3n en la cual se exigi\u00f3 la liberaci\u00f3n de m\u00e1s de 120 mujeres, detenidas tras las elecci\u00f3n del pasado 28 de julio.<\/p>\n\n\n\n<p>\u00abLe pedimos a Nicol\u00e1s Maduro que el Estado respete sus derechos humanos y que apruebe una ley amnist\u00eda general\u00bb.<br><strong><em>ET \/ Prensa MAS<\/em><\/strong><\/p>\n\n\n\n<p><\/p>\n","protected":false},"excerpt":{"rendered":"<p>ENTRE TORMENTAS. Ante la diatriba pol\u00edtica y diplom\u00e1tica entre los gobiernos de Nicol\u00e1s Maduro y&#8230;<\/p>\n","protected":false},"author":2,"featured_media":14048,"comment_status":"closed","ping_status":"open","sticky":false,"template":"","format":"standard","meta":{"footnotes":""},"categories":[56,49],"tags":[],"class_list":["post-14047","post","type-post","status-publish","format-standard","has-post-thumbnail","hentry","category-destacadas","category-nacionales"],"_links":{"self":[{"href":"https:\/\/entretormentas.com\/index.php?rest_route=\/wp\/v2\/posts\/14047","targetHints":{"allow":["GET"]}}],"collection":[{"href":"https:\/\/entretormentas.com\/index.php?rest_route=\/wp\/v2\/posts"}],"about":[{"href":"https:\/\/entretormentas.com\/index.php?rest_route=\/wp\/v2\/types\/post"}],"author":[{"embeddable":true,"href":"https:\/\/entretormentas.com\/index.php?rest_route=\/wp\/v2\/users\/2"}],"replies":[{"embeddable":true,"href":"https:\/\/entretormentas.com\/index.php?rest_route=%2Fwp%2Fv2%2Fcomments&post=14047"}],"version-history":[{"count":1,"href":"https:\/\/entretormentas.com\/index.php?rest_route=\/wp\/v2\/posts\/14047\/revisions"}],"predecessor-version":[{"id":14049,"href":"https:\/\/entretormentas.com\/index.php?rest_route=\/wp\/v2\/posts\/14047\/revisions\/14049"}],"wp:featuredmedia":[{"embeddable":true,"href":"https:\/\/entretormentas.com\/index.php?rest_route=\/wp\/v2\/media\/14048"}],"wp:attachment":[{"href":"https:\/\/entretormentas.com\/index.php?rest_route=%2Fwp%2Fv2%2Fmedia&parent=14047"}],"wp:term":[{"taxonomy":"category","embeddable":true,"href":"https:\/\/entretormentas.com\/index.php?rest_route=%2Fwp%2Fv2%2Fcategories&post=14047"},{"taxonomy":"post_tag","embeddable":true,"href":"https:\/\/entretormentas.com\/index.php?rest_route=%2Fwp%2Fv2%2Ftags&post=14047"}],"curies":[{"name":"wp","href":"https:\/\/api.w.org\/{rel}","templated":true}]}}