{"id":14070,"date":"2025-03-12T09:09:12","date_gmt":"2025-03-12T08:09:12","guid":{"rendered":"https:\/\/entretormentas.com\/?p=14070"},"modified":"2025-03-12T09:09:13","modified_gmt":"2025-03-12T08:09:13","slug":"cohorte-xii-2025-panteon-del-zulia-analiza-a-11-figuras-historicas-para-su-ingreso-este-ano","status":"publish","type":"post","link":"https:\/\/entretormentas.com\/cohorte-xii-2025-panteon-del-zulia-analiza-a-11-figuras-historicas-para-su-ingreso-este-ano\/","title":{"rendered":"\u00a1COHORTE XII 2025! Pante\u00f3n del Zulia analiza a 11 figuras hist\u00f3ricas para su ingreso este a\u00f1o"},"content":{"rendered":"\n<p><strong>ENTRE TORMENTAS.<\/strong> Once nuevos personajes consagrados en el Zulia ser\u00e1n estudiados este 2025 en el Pante\u00f3n del estado Zulia, adscrito a la secretar\u00eda de Cultura, como parte del fortalecimiento de nuestra idiosincrasia.<\/p>\n\n\n\n<p>La presentaci\u00f3n de la cohorte XII del programa Personas Consagradas en el Zulia, Peconzul, fue realizada por la directora del pante\u00f3n regional, la profesora Ang\u00e9lica Reyes de V\u00edlchez, el martes 11 de marzo de 2025, en el recinto donde reposan los restos de ilustres zulianos, con la presencia de maestros representantes de diferentes escuelas estadales.<\/p>\n\n\n\n<p>El programa Peconzul, que consta de cuatro partes, inici\u00f3 con la inducci\u00f3n, donde se dan las instrucciones del programa y se presentan ante el p\u00fablico asistente los personajes objetos de estudio, que este a\u00f1o recay\u00f3 en once destacados zulianos, algunos reconocidos h\u00e9roes de Venezuela, otros m\u00e1s contempor\u00e1neos que han dejado su huella indeleble en su tierra natal, en el siguiente orden:<\/p>\n\n\n\n<ul class=\"wp-block-list\">\n<li>General Rafael Urdaneta, a 180 a\u00f1os de su muerte.<\/li>\n\n\n\n<li>Periodista Eduardo L\u00f3pez Rivas.<\/li>\n\n\n\n<li>Dr. Am\u00e9rico Negrette.<\/li>\n\n\n\n<li>Pol\u00edgrafo Rafael Mar\u00eda Baralt.<\/li>\n\n\n\n<li>Historiador Vinicio Nava.<\/li>\n\n\n\n<li>Capit\u00e1n Anselmo Belloso Rodr\u00edguez.<\/li>\n\n\n\n<li>Historiadora Ada Ferrer, cronista del municipio San Francisco, Zulia.<\/li>\n\n\n\n<li>Gaitero Tito Delgado.<\/li>\n\n\n\n<li>M\u00fasico Adolfo de Pool.<\/li>\n\n\n\n<li>Historiador Rutilio Ortega.<\/li>\n<\/ul>\n\n\n\n<figure class=\"wp-block-image size-full\"><img fetchpriority=\"high\" decoding=\"async\" width=\"970\" height=\"590\" src=\"https:\/\/entretormentas.com\/wp-content\/uploads\/2025\/03\/image-193.png\" alt=\"\" class=\"wp-image-14072\" srcset=\"https:\/\/entretormentas.com\/wp-content\/uploads\/2025\/03\/image-193.png 970w, https:\/\/entretormentas.com\/wp-content\/uploads\/2025\/03\/image-193-300x182.png 300w, https:\/\/entretormentas.com\/wp-content\/uploads\/2025\/03\/image-193-768x467.png 768w\" sizes=\"(max-width: 970px) 100vw, 970px\" \/><\/figure>\n\n\n\n<p>Los conversatorios y el desarrollo de la segunda fase del programa Peconzul ser\u00e1 de marzo a diciembre, para darle paso a los cert\u00e1menes en enero de 2026, enmarcados en el D\u00eda de la Zulianidad y la celebraci\u00f3n del aniversario del Pante\u00f3n del estado Zulia.<\/p>\n\n\n\n<p>Cabe destacar que en ese mismo periodo se estar\u00e1n realizando talleres del Himno del estado Zulia, del Himno de Maracaibo, visitas guiadas, \u00abconociendo mi municipio \u00ab, efem\u00e9rides zulianas, ep\u00f3nimos de instituciones educativas y estudios de la simbolog\u00eda regional, con el firme prop\u00f3sito de rescatar los buenos valores y reforzar la idiosincrasia zuliana, con la alianza de las<br>secretar\u00edas de Educaci\u00f3n y de Cultura.&nbsp;<\/p>\n\n\n\n<p>\u00abEstamos en un nuevo comienzo. Contamos con estos espacios del Pante\u00f3n completamente reacondicionados, gracias al gobernador Manuel Rosales, que como gerente del Zulia ha mantenido a la educaci\u00f3n como su punto de apoyo para el progreso de la regi\u00f3n y de los zulianos, porque en la buena educaci\u00f3n de los ni\u00f1os y j\u00f3venes est\u00e1 garantizado el futuro\u00bb, dijo la profesora Ang\u00e9lica Reyes, mientras invitaba a los maestros, a los padres, a los representantes y a la comunidad en general, a unirse a este proyecto como parte integral del conocimiento y la cultura \u00abporque para empoderarse de nuestra idiosincrasia hay que querer para reconocer, querer y respetar\u00bb.<br><strong><em>ET \/ Nota de Prensa<\/em><\/strong><\/p>\n","protected":false},"excerpt":{"rendered":"<p>ENTRE TORMENTAS. Once nuevos personajes consagrados en el Zulia ser\u00e1n estudiados este 2025 en el&#8230;<\/p>\n","protected":false},"author":2,"featured_media":14071,"comment_status":"closed","ping_status":"open","sticky":false,"template":"","format":"standard","meta":{"footnotes":""},"categories":[1],"tags":[],"class_list":["post-14070","post","type-post","status-publish","format-standard","has-post-thumbnail","hentry","category-regionales"],"_links":{"self":[{"href":"https:\/\/entretormentas.com\/index.php?rest_route=\/wp\/v2\/posts\/14070","targetHints":{"allow":["GET"]}}],"collection":[{"href":"https:\/\/entretormentas.com\/index.php?rest_route=\/wp\/v2\/posts"}],"about":[{"href":"https:\/\/entretormentas.com\/index.php?rest_route=\/wp\/v2\/types\/post"}],"author":[{"embeddable":true,"href":"https:\/\/entretormentas.com\/index.php?rest_route=\/wp\/v2\/users\/2"}],"replies":[{"embeddable":true,"href":"https:\/\/entretormentas.com\/index.php?rest_route=%2Fwp%2Fv2%2Fcomments&post=14070"}],"version-history":[{"count":1,"href":"https:\/\/entretormentas.com\/index.php?rest_route=\/wp\/v2\/posts\/14070\/revisions"}],"predecessor-version":[{"id":14073,"href":"https:\/\/entretormentas.com\/index.php?rest_route=\/wp\/v2\/posts\/14070\/revisions\/14073"}],"wp:featuredmedia":[{"embeddable":true,"href":"https:\/\/entretormentas.com\/index.php?rest_route=\/wp\/v2\/media\/14071"}],"wp:attachment":[{"href":"https:\/\/entretormentas.com\/index.php?rest_route=%2Fwp%2Fv2%2Fmedia&parent=14070"}],"wp:term":[{"taxonomy":"category","embeddable":true,"href":"https:\/\/entretormentas.com\/index.php?rest_route=%2Fwp%2Fv2%2Fcategories&post=14070"},{"taxonomy":"post_tag","embeddable":true,"href":"https:\/\/entretormentas.com\/index.php?rest_route=%2Fwp%2Fv2%2Ftags&post=14070"}],"curies":[{"name":"wp","href":"https:\/\/api.w.org\/{rel}","templated":true}]}}