{"id":14074,"date":"2025-03-12T09:11:14","date_gmt":"2025-03-12T08:11:14","guid":{"rendered":"https:\/\/entretormentas.com\/?p=14074"},"modified":"2025-03-12T09:11:15","modified_gmt":"2025-03-12T08:11:15","slug":"para-docentes-secretaria-de-educacion-realiza-taller-de-reciclaje-artistico-y-cuidado-ambiental","status":"publish","type":"post","link":"https:\/\/entretormentas.com\/para-docentes-secretaria-de-educacion-realiza-taller-de-reciclaje-artistico-y-cuidado-ambiental\/","title":{"rendered":"\u00a1PARA DOCENTES! Secretar\u00eda de Educaci\u00f3n realiza taller de reciclaje art\u00edstico y cuidado ambiental"},"content":{"rendered":"\n<p><strong>ENTRE TORMENTAS. <\/strong>La Divisi\u00f3n de Programa Educativo, a trav\u00e9s de la coordinaci\u00f3n de Ambiente y Salud, llev\u00f3 a cabo un enriquecedor taller de formaci\u00f3n titulado Reciclando arte desde una perspectiva amigable con el medio ambiente.<\/p>\n\n\n\n<p>El evento, realizado en el sal\u00f3n Sol Sosa de la Secretar\u00eda de Educaci\u00f3n, reuni\u00f3 a promotores de ambiente y salud de los Programas Educativos Zulianos, quienes exploraron nuevas formas de expresi\u00f3n art\u00edstica y conciencia ecol\u00f3gica.<\/p>\n\n\n\n<p>Bajo la gu\u00eda del profesor Antonio Malaver, los participantes se sumergieron en el mundo del origami y otras t\u00e9cnicas de reciclaje creativo, transformando materiales de desecho en verdaderas obras de arte. El taller no solo brind\u00f3 a los docentes herramientas pr\u00e1cticas para fomentar la creatividad en el aula, sino que tambi\u00e9n reforz\u00f3 su compromiso con la protecci\u00f3n del medio ambiente.<\/p>\n\n\n\n<p>\u00abEste taller fue una experiencia transformadora\u00bb, coment\u00f3 uno de los participantes. \u00abNos permiti\u00f3 descubrir el potencial creativo que existe en materiales que normalmente desechamos, y nos inspir\u00f3 a buscar nuevas formas de ense\u00f1ar a nuestros estudiantes sobre la importancia del reciclaje y el cuidado del planeta\u00bb.<\/p>\n\n\n\n<p>La actividad forma parte de los esfuerzos continuos de la Secretar\u00eda de Educaci\u00f3n para promover una educaci\u00f3n integral que combine el desarrollo art\u00edstico con la conciencia ambiental. Se espera que los conocimientos y habilidades adquiridos en el taller se traduzcan en proyectos innovadores en las escuelas, donde los estudiantes podr\u00e1n explorar su creatividad y aprender a ser ciudadanos responsables con el medio ambiente.<br><strong><em>ET \/ Nota de Prensa<\/em><\/strong><\/p>\n","protected":false},"excerpt":{"rendered":"<p>ENTRE TORMENTAS. La Divisi\u00f3n de Programa Educativo, a trav\u00e9s de la coordinaci\u00f3n de Ambiente y&#8230;<\/p>\n","protected":false},"author":2,"featured_media":14075,"comment_status":"closed","ping_status":"open","sticky":false,"template":"","format":"standard","meta":{"footnotes":""},"categories":[1],"tags":[],"class_list":["post-14074","post","type-post","status-publish","format-standard","has-post-thumbnail","hentry","category-regionales"],"_links":{"self":[{"href":"https:\/\/entretormentas.com\/index.php?rest_route=\/wp\/v2\/posts\/14074","targetHints":{"allow":["GET"]}}],"collection":[{"href":"https:\/\/entretormentas.com\/index.php?rest_route=\/wp\/v2\/posts"}],"about":[{"href":"https:\/\/entretormentas.com\/index.php?rest_route=\/wp\/v2\/types\/post"}],"author":[{"embeddable":true,"href":"https:\/\/entretormentas.com\/index.php?rest_route=\/wp\/v2\/users\/2"}],"replies":[{"embeddable":true,"href":"https:\/\/entretormentas.com\/index.php?rest_route=%2Fwp%2Fv2%2Fcomments&post=14074"}],"version-history":[{"count":1,"href":"https:\/\/entretormentas.com\/index.php?rest_route=\/wp\/v2\/posts\/14074\/revisions"}],"predecessor-version":[{"id":14076,"href":"https:\/\/entretormentas.com\/index.php?rest_route=\/wp\/v2\/posts\/14074\/revisions\/14076"}],"wp:featuredmedia":[{"embeddable":true,"href":"https:\/\/entretormentas.com\/index.php?rest_route=\/wp\/v2\/media\/14075"}],"wp:attachment":[{"href":"https:\/\/entretormentas.com\/index.php?rest_route=%2Fwp%2Fv2%2Fmedia&parent=14074"}],"wp:term":[{"taxonomy":"category","embeddable":true,"href":"https:\/\/entretormentas.com\/index.php?rest_route=%2Fwp%2Fv2%2Fcategories&post=14074"},{"taxonomy":"post_tag","embeddable":true,"href":"https:\/\/entretormentas.com\/index.php?rest_route=%2Fwp%2Fv2%2Ftags&post=14074"}],"curies":[{"name":"wp","href":"https:\/\/api.w.org\/{rel}","templated":true}]}}