{"id":14077,"date":"2025-03-12T09:13:59","date_gmt":"2025-03-12T08:13:59","guid":{"rendered":"https:\/\/entretormentas.com\/?p=14077"},"modified":"2025-03-12T09:14:00","modified_gmt":"2025-03-12T08:14:00","slug":"en-la-plazoleta-de-la-basilica-alcaldia-celebra-este-12-mar-la-fiesta-de-la-danza-nacionalista","status":"publish","type":"post","link":"https:\/\/entretormentas.com\/en-la-plazoleta-de-la-basilica-alcaldia-celebra-este-12-mar-la-fiesta-de-la-danza-nacionalista\/","title":{"rendered":"\u00a1EN LA PLAZOLETA DE LA BAS\u00cdLICA! Alcald\u00eda celebra este 12-Mar la Fiesta de la Danza Nacionalista"},"content":{"rendered":"\n<p><strong>ENTRE TORMENTAS.<\/strong> Al celebrarse este 12 de marzo el D\u00eda de la Danza Nacionalista, la Alcald\u00eda de Maracaibo a trav\u00e9s de la Direcci\u00f3n de Cultura realizar\u00e1 un evento \u00fanico y especial llamado la \u201cFiesta de la Danza Nacionalista\u201d.<\/p>\n\n\n\n<p>La municipalidad invita a todos los interesados a disfrutar de esta fiesta que se llevar\u00e1 a cabo el mi\u00e9rcoles en la plazoleta de la Bas\u00edlica desde las 6:00 de la tarde.<\/p>\n\n\n\n<figure class=\"wp-block-image size-large\"><img fetchpriority=\"high\" decoding=\"async\" width=\"576\" height=\"1024\" src=\"https:\/\/entretormentas.com\/wp-content\/uploads\/2025\/03\/image-196-576x1024.png\" alt=\"\" class=\"wp-image-14079\" srcset=\"https:\/\/entretormentas.com\/wp-content\/uploads\/2025\/03\/image-196-576x1024.png 576w, https:\/\/entretormentas.com\/wp-content\/uploads\/2025\/03\/image-196-169x300.png 169w, https:\/\/entretormentas.com\/wp-content\/uploads\/2025\/03\/image-196.png 720w\" sizes=\"(max-width: 576px) 100vw, 576px\" \/><\/figure>\n\n\n\n<p>La direcci\u00f3n de Cultura en colaboraci\u00f3n con el Consejo Venezolano de la Danza Nacionalista (COVEDAN) organiz\u00f3 esta celebraci\u00f3n que estar\u00e1 llena de ritmo, tradici\u00f3n y cultura, donde se disfrutar\u00e1 de las mejores presentaciones de danza nacionalista.<\/p>\n\n\n\n<p>Malena Soto, directora de Cultura de la Alcald\u00eda de Maracaibo, invit\u00f3 a los marabinos a prepararse para una tarde-noche m\u00e1gica, donde talentosos bailarines deleitar\u00e1n con sus coreograf\u00edas, mostrando la riqueza y diversidad de las tradiciones.<\/p>\n\n\n\n<p>\u201cEste evento no solo celebra la danza, sino tambi\u00e9n la identidad y el orgullo de ser venezolanos. Los esperamos para disfrutar juntos de una fiesta cultural inolvidable\u201d, recalc\u00f3 Soto.<br><strong><em>ET \/ DCI Alcald\u00eda de Maracaibo<\/em><\/strong><\/p>\n","protected":false},"excerpt":{"rendered":"<p>ENTRE TORMENTAS. Al celebrarse este 12 de marzo el D\u00eda de la Danza Nacionalista, la&#8230;<\/p>\n","protected":false},"author":2,"featured_media":14078,"comment_status":"closed","ping_status":"open","sticky":false,"template":"","format":"standard","meta":{"footnotes":""},"categories":[1],"tags":[],"class_list":["post-14077","post","type-post","status-publish","format-standard","has-post-thumbnail","hentry","category-regionales"],"_links":{"self":[{"href":"https:\/\/entretormentas.com\/index.php?rest_route=\/wp\/v2\/posts\/14077","targetHints":{"allow":["GET"]}}],"collection":[{"href":"https:\/\/entretormentas.com\/index.php?rest_route=\/wp\/v2\/posts"}],"about":[{"href":"https:\/\/entretormentas.com\/index.php?rest_route=\/wp\/v2\/types\/post"}],"author":[{"embeddable":true,"href":"https:\/\/entretormentas.com\/index.php?rest_route=\/wp\/v2\/users\/2"}],"replies":[{"embeddable":true,"href":"https:\/\/entretormentas.com\/index.php?rest_route=%2Fwp%2Fv2%2Fcomments&post=14077"}],"version-history":[{"count":1,"href":"https:\/\/entretormentas.com\/index.php?rest_route=\/wp\/v2\/posts\/14077\/revisions"}],"predecessor-version":[{"id":14080,"href":"https:\/\/entretormentas.com\/index.php?rest_route=\/wp\/v2\/posts\/14077\/revisions\/14080"}],"wp:featuredmedia":[{"embeddable":true,"href":"https:\/\/entretormentas.com\/index.php?rest_route=\/wp\/v2\/media\/14078"}],"wp:attachment":[{"href":"https:\/\/entretormentas.com\/index.php?rest_route=%2Fwp%2Fv2%2Fmedia&parent=14077"}],"wp:term":[{"taxonomy":"category","embeddable":true,"href":"https:\/\/entretormentas.com\/index.php?rest_route=%2Fwp%2Fv2%2Fcategories&post=14077"},{"taxonomy":"post_tag","embeddable":true,"href":"https:\/\/entretormentas.com\/index.php?rest_route=%2Fwp%2Fv2%2Ftags&post=14077"}],"curies":[{"name":"wp","href":"https:\/\/api.w.org\/{rel}","templated":true}]}}