{"id":14081,"date":"2025-03-12T09:17:12","date_gmt":"2025-03-12T08:17:12","guid":{"rendered":"https:\/\/entretormentas.com\/?p=14081"},"modified":"2025-03-12T09:17:13","modified_gmt":"2025-03-12T08:17:13","slug":"en-san-francisco-comdepro-se-suma-al-plan-vulnerabilidad-0","status":"publish","type":"post","link":"https:\/\/entretormentas.com\/en-san-francisco-comdepro-se-suma-al-plan-vulnerabilidad-0\/","title":{"rendered":"\u00a1EN SAN FRANCISCO! Comdepro se suma al \u00abPlan Vulnerabilidad 0\u00bb"},"content":{"rendered":"\n<p><strong>ENTRE TORMENTAS.<\/strong> Desde la alcald\u00eda de San Francisco, el compromiso de resguardar la integridad de las familias del municipio, establecido por la gesti\u00f3n del alcalde Gustavo Fern\u00e1ndez, contin\u00faa vigente a trav\u00e9s del Consejo Municipal de Protecci\u00f3n de Ni\u00f1os, Ni\u00f1as y Adolescentes, (Comdepro), liderado por Dianeth Guerrero con un amplio equipo de trabajo distribuido en todas las comunidades.<\/p>\n\n\n\n<p>En una reuni\u00f3n realizada en la sede del Servicio Nacional de Medicina de Ciencias Forenses (Senamecf), presidida por el Instituto Aut\u00f3nomo Consejo Nacional de Derechos de Ni\u00f1os, Ni\u00f1as y Adolescentes (Idenna) Zulia, Comdepro estuvo presente, con el fin de recibir apoyo de otras instituciones a nivel nacional, con respecto al \u201cPlan Vulnerabilidad 0\u201d desplegado en todo el pa\u00eds, encargado del abordaje de los ni\u00f1os que se encuentran deambulando en la calle sin supervisi\u00f3n de padres y representantes.<\/p>\n\n\n\n<figure class=\"wp-block-image size-full\"><img fetchpriority=\"high\" decoding=\"async\" width=\"1000\" height=\"750\" src=\"https:\/\/entretormentas.com\/wp-content\/uploads\/2025\/03\/image-198.png\" alt=\"\" class=\"wp-image-14083\" srcset=\"https:\/\/entretormentas.com\/wp-content\/uploads\/2025\/03\/image-198.png 1000w, https:\/\/entretormentas.com\/wp-content\/uploads\/2025\/03\/image-198-300x225.png 300w, https:\/\/entretormentas.com\/wp-content\/uploads\/2025\/03\/image-198-768x576.png 768w\" sizes=\"(max-width: 1000px) 100vw, 1000px\" \/><\/figure>\n\n\n\n<p>Dianeth Guerrero, directora de Comdepro, asegur\u00f3 que este encuentro favorece el intercambio de ideas entre instituciones del Estado, dedicadas a la protecci\u00f3n de Ni\u00f1os, Ni\u00f1as y Adolescentes. \u201cTodas las instituciones aqu\u00ed presentes, lo hacemos en aras de establecer estrategias y lineamientos, con relaci\u00f3n a los abordajes de los ni\u00f1os con alta permanencia en calle, es decir, las intervenciones que se vienen realizando en el municipio San Francisco, ahora van a contar con apoyo a nivel nacional\u201d, precis\u00f3 Guerrero.<\/p>\n\n\n\n<p>Adem\u00e1s, la directora de Comdepro explic\u00f3 que en este encuentro tambi\u00e9n participaron funcionarios del Consejo de Protecci\u00f3n de Maracaibo, Cicpc, PNB, La Guardia del Pueblo, Polimaracaibo, y Polisur. \u201cAqu\u00ed se establecieron puntos de partida para poder abordar la situaci\u00f3n de forma adecuada, primero con Maracaibo, luego con San Francisco, y de esta forma erradicar a los ni\u00f1os con gran vulnerabilidad sin supervisi\u00f3n en la calle, todo bajo lineamientos del Gobierno Nacional\u201d.<\/p>\n\n\n\n<p>Tambi\u00e9n destac\u00f3 que Comdepro fue como invitado, \u201cpero de acuerdo a la experiencia que tenemos en el municipio, realizamos una amplia exposici\u00f3n y pas\u00e9 a ser ponente, all\u00ed explicamos c\u00f3mo se realiza una caracterizaci\u00f3n, c\u00f3mo nos ha dado resultado en el municipio San Francisco, c\u00f3mo tenemos identificado a los ni\u00f1os con alta permanencia en calle, una caracterizaci\u00f3n previa, un abordaje, una observaci\u00f3n para poder atacar el caso como tal\u201d, concluy\u00f3 Guerrero.<br><strong><em>ET \/ Alcald\u00eda de San Francisco<\/em><\/strong><\/p>\n","protected":false},"excerpt":{"rendered":"<p>ENTRE TORMENTAS. Desde la alcald\u00eda de San Francisco, el compromiso de resguardar la integridad de&#8230;<\/p>\n","protected":false},"author":2,"featured_media":14082,"comment_status":"closed","ping_status":"open","sticky":false,"template":"","format":"standard","meta":{"footnotes":""},"categories":[57,1],"tags":[],"class_list":["post-14081","post","type-post","status-publish","format-standard","has-post-thumbnail","hentry","category-actualidad","category-regionales"],"_links":{"self":[{"href":"https:\/\/entretormentas.com\/index.php?rest_route=\/wp\/v2\/posts\/14081","targetHints":{"allow":["GET"]}}],"collection":[{"href":"https:\/\/entretormentas.com\/index.php?rest_route=\/wp\/v2\/posts"}],"about":[{"href":"https:\/\/entretormentas.com\/index.php?rest_route=\/wp\/v2\/types\/post"}],"author":[{"embeddable":true,"href":"https:\/\/entretormentas.com\/index.php?rest_route=\/wp\/v2\/users\/2"}],"replies":[{"embeddable":true,"href":"https:\/\/entretormentas.com\/index.php?rest_route=%2Fwp%2Fv2%2Fcomments&post=14081"}],"version-history":[{"count":1,"href":"https:\/\/entretormentas.com\/index.php?rest_route=\/wp\/v2\/posts\/14081\/revisions"}],"predecessor-version":[{"id":14084,"href":"https:\/\/entretormentas.com\/index.php?rest_route=\/wp\/v2\/posts\/14081\/revisions\/14084"}],"wp:featuredmedia":[{"embeddable":true,"href":"https:\/\/entretormentas.com\/index.php?rest_route=\/wp\/v2\/media\/14082"}],"wp:attachment":[{"href":"https:\/\/entretormentas.com\/index.php?rest_route=%2Fwp%2Fv2%2Fmedia&parent=14081"}],"wp:term":[{"taxonomy":"category","embeddable":true,"href":"https:\/\/entretormentas.com\/index.php?rest_route=%2Fwp%2Fv2%2Fcategories&post=14081"},{"taxonomy":"post_tag","embeddable":true,"href":"https:\/\/entretormentas.com\/index.php?rest_route=%2Fwp%2Fv2%2Ftags&post=14081"}],"curies":[{"name":"wp","href":"https:\/\/api.w.org\/{rel}","templated":true}]}}