{"id":14098,"date":"2025-03-12T09:29:08","date_gmt":"2025-03-12T08:29:08","guid":{"rendered":"https:\/\/entretormentas.com\/?p=14098"},"modified":"2025-03-12T09:29:09","modified_gmt":"2025-03-12T08:29:09","slug":"en-aniversario-de-unt-rosales-afirma-que-se-preparan-para-obtener-una-victoria-apoteosica","status":"publish","type":"post","link":"https:\/\/entretormentas.com\/en-aniversario-de-unt-rosales-afirma-que-se-preparan-para-obtener-una-victoria-apoteosica\/","title":{"rendered":"\u00a1EN ANIVERSARIO DE UNT! Rosales afirma que se preparan para obtener una \u00abvictoria apote\u00f3sica\u00bb"},"content":{"rendered":"\n<p><strong>ENTRE TORMENTAS. <\/strong>El gobernador Manuel Rosales, durante la celebraci\u00f3n de los 19 a\u00f1os del partido, Un Nuevo Tiempo(UNT), expres\u00f3 que las elecciones est\u00e1n pautadas para el 25 de mayo y est\u00e1n trabajando para ganar apote\u00f3sicamente en el Zulia, as\u00ed como tambi\u00e9n para una movilizaci\u00f3n electoral en todo el pa\u00eds, ya que est\u00e1n convencidos que es la ruta c\u00edvica electoral y democr\u00e1tica la que los puede conducir a una soluci\u00f3n.<\/p>\n\n\n\n<p>Manifest\u00f3 que UNT se enfila como una organizaci\u00f3n s\u00f3lida, robusta, con sus debilidades y con sus conflictos naturales en cuanto a lo que significa la problem\u00e1tica pol\u00edtico partidista con algunos dirigentes presos, perseguidos y asediados, producto de toda la conflictividad, pero que aspira, en el marco de este proceso electoral y en lo que se vislumbra en el horizonte, que se retome la paz y la tranquilidad para que Venezuela pueda marchar hacia los caminos del progreso.<\/p>\n\n\n\n<p>\u201cUNT ha brindado al pa\u00eds, alegr\u00eda, satisfacciones, felicidad; hemos compartido momentos de victoria tambi\u00e9n de desencuentro y tristeza porque as\u00ed es la vida, pero siempre UNT es como la expresi\u00f3n de encuentro de los pueblos zulianos y los venezolanos, hay UNT para mucho tiempo, dijo.<\/p>\n\n\n\n<figure class=\"wp-block-image size-large\"><img fetchpriority=\"high\" decoding=\"async\" width=\"1024\" height=\"768\" src=\"https:\/\/entretormentas.com\/wp-content\/uploads\/2025\/03\/image-206-1024x768.png\" alt=\"\" class=\"wp-image-14100\" srcset=\"https:\/\/entretormentas.com\/wp-content\/uploads\/2025\/03\/image-206-1024x768.png 1024w, https:\/\/entretormentas.com\/wp-content\/uploads\/2025\/03\/image-206-300x225.png 300w, https:\/\/entretormentas.com\/wp-content\/uploads\/2025\/03\/image-206-768x576.png 768w, https:\/\/entretormentas.com\/wp-content\/uploads\/2025\/03\/image-206.png 1080w\" sizes=\"(max-width: 1024px) 100vw, 1024px\" \/><\/figure>\n\n\n\n<p>\u201cNosotros pensamos y creemos que tenemos que avanzar hacia la conquista de los espacios y los caminos de la paz y la prosperidad\u201d, indic\u00f3.<\/p>\n\n\n\n<p>Rosales precis\u00f3: \u00ablo que siento en la calle es alegr\u00eda, fuerza de seguir luchando, seguir trabajando por nuestro estado y por Venezuela, creo que hoy m\u00e1s que nunca los venezolanos y los zulianos sabemos que hay que construir los caminos para la paz, para el reencuentro, para el cambio que permita que Venezuela vuelva a florecer y ser un pa\u00eds pr\u00f3spero donde reine la felicidad\u201d.<\/p>\n\n\n\n<p>Sostuvo que el \u201cGobierno es el Gobierno y nosotros somos el gobierno regional, el Gobierno tiene su pol\u00edtica mala, tiene su dise\u00f1o estructurado que todos conocemos que nos ha llevado a situaciones que rechazamos o la mayor\u00eda rechaza y que aspiramos que en el tiempo se puedan corregir\u201d.<\/p>\n\n\n\n<p>Resalt\u00f3 que la organizaci\u00f3n pol\u00edtica visit\u00f3 el templo de \u201cnuestra amada China para encomendarnos a Dios y pedirle que le abra los caminos de la paz, de prosperidad, de felicidad a Venezuela; que donde hay odio florezca el amor, donde hay penumbras surja la luz, donde hay desencanto y tristeza reina la alegr\u00eda, es lo que queremos para Venezuela, es la lucha, es la profunda fe que tratamos de desarrollar a trav\u00e9s de este instrumento que es UNT\u201d.<br><strong><em>ET \/ El Regional del Zulia<\/em><\/strong><\/p>\n\n\n\n<p><\/p>\n","protected":false},"excerpt":{"rendered":"<p>ENTRE TORMENTAS. El gobernador Manuel Rosales, durante la celebraci\u00f3n de los 19 a\u00f1os del partido,&#8230;<\/p>\n","protected":false},"author":2,"featured_media":14099,"comment_status":"closed","ping_status":"open","sticky":false,"template":"","format":"standard","meta":{"footnotes":""},"categories":[56,49],"tags":[],"class_list":["post-14098","post","type-post","status-publish","format-standard","has-post-thumbnail","hentry","category-destacadas","category-nacionales"],"_links":{"self":[{"href":"https:\/\/entretormentas.com\/index.php?rest_route=\/wp\/v2\/posts\/14098","targetHints":{"allow":["GET"]}}],"collection":[{"href":"https:\/\/entretormentas.com\/index.php?rest_route=\/wp\/v2\/posts"}],"about":[{"href":"https:\/\/entretormentas.com\/index.php?rest_route=\/wp\/v2\/types\/post"}],"author":[{"embeddable":true,"href":"https:\/\/entretormentas.com\/index.php?rest_route=\/wp\/v2\/users\/2"}],"replies":[{"embeddable":true,"href":"https:\/\/entretormentas.com\/index.php?rest_route=%2Fwp%2Fv2%2Fcomments&post=14098"}],"version-history":[{"count":1,"href":"https:\/\/entretormentas.com\/index.php?rest_route=\/wp\/v2\/posts\/14098\/revisions"}],"predecessor-version":[{"id":14101,"href":"https:\/\/entretormentas.com\/index.php?rest_route=\/wp\/v2\/posts\/14098\/revisions\/14101"}],"wp:featuredmedia":[{"embeddable":true,"href":"https:\/\/entretormentas.com\/index.php?rest_route=\/wp\/v2\/media\/14099"}],"wp:attachment":[{"href":"https:\/\/entretormentas.com\/index.php?rest_route=%2Fwp%2Fv2%2Fmedia&parent=14098"}],"wp:term":[{"taxonomy":"category","embeddable":true,"href":"https:\/\/entretormentas.com\/index.php?rest_route=%2Fwp%2Fv2%2Fcategories&post=14098"},{"taxonomy":"post_tag","embeddable":true,"href":"https:\/\/entretormentas.com\/index.php?rest_route=%2Fwp%2Fv2%2Ftags&post=14098"}],"curies":[{"name":"wp","href":"https:\/\/api.w.org\/{rel}","templated":true}]}}