{"id":14106,"date":"2025-03-12T09:34:09","date_gmt":"2025-03-12T08:34:09","guid":{"rendered":"https:\/\/entretormentas.com\/?p=14106"},"modified":"2025-03-12T09:34:09","modified_gmt":"2025-03-12T08:34:09","slug":"para-elecciones-del-25-may-cabello-anuncia-que-el-15-de-marzo-inicia-la-postulacion-de-candidaturas-en-el-psuv","status":"publish","type":"post","link":"https:\/\/entretormentas.com\/para-elecciones-del-25-may-cabello-anuncia-que-el-15-de-marzo-inicia-la-postulacion-de-candidaturas-en-el-psuv\/","title":{"rendered":"\u00a1PARA ELECCIONES DEL 25-MAY! Cabello anuncia que el 15 de marzo inicia la postulaci\u00f3n de candidaturas en el PSUV"},"content":{"rendered":"\n<p><strong>ENTRE TORMENTAS.<\/strong> El secretario general del Partido Socialista Unido de Venezuela (PSUV), Diosdado Cabello, confirm\u00f3 que este s\u00e1bado 15 de marzo, a partir de las 2:00 de la tarde, se llevar\u00e1n a cabo en todo el pa\u00eds, las asambleas de postulaciones de las candidaturas para las elecciones de la Asamblea Nacional (AN), previstas para el 25 de mayo, as\u00ed como gobernaciones y concejos legislativos para la fecha que determine el Consejo Nacional Electoral (CNE).<\/p>\n\n\n\n<p>\u201cEl d\u00eda s\u00e1bado 15 de marzo se realizar\u00e1 una tarea central fundamental para la Revoluci\u00f3n Bolivariana y en todo el territorio nacional, se producir\u00e1n asambleas en las 47 mil 560 comunidades donde se reunir\u00e1n los compa\u00f1eros, compa\u00f1eras, militantes del Partido Socialista Unido de Venezuela, pero puede asistir cualquier compa\u00f1ero de cualquier partido del Gran Polo Patri\u00f3tico a hacer su propuesta\u201d, inform\u00f3 durante la rueda de prensa semanal del partido de gobierno.<\/p>\n\n\n\n<p>Adelant\u00f3 que en estos encuentros de bases, cualquier venezolano y venezolana mayor de 15 a\u00f1os puede asistir sin ning\u00fan tipo de problema para debatir y hacer sus propuestas de manera libre, transparente y consciente, sin presiones ni apremios.<\/p>\n\n\n\n<p>Explic\u00f3 que la idea es recoger luego toda la informaci\u00f3n generada, propuestas y postulaciones, y sistematizarla de manera de tener la data final de los candidatos y candidata a las gobernaciones, Asamblea Nacional, Concejos Legislativos, que suman en total una gran e importante cantidad.<\/p>\n\n\n\n<p>En este total, se incluyen las candidaturas al estado Guayana Esequiba, que por primera vez los venezolanos escoger\u00e1n su gobernador o gobernadora. En este aspecto, el jefe del parlamento, Jorge Rodr\u00edguez, inform\u00f3 que gracias a la creaci\u00f3n de la nueva gobernaci\u00f3n Esequiba, se van a escoger 285 parlamentarios y parlamentarias con sus respectivos suplentes para la AN.<\/p>\n\n\n\n<p>\u201cEs una cantidad importante de cargo de elecci\u00f3n popular\u201d, agreg\u00f3 Cabello, quien confirm\u00f3 as\u00ed que el m\u00e9todo del partido para la escogencia de sus candidaturas est\u00e1 contemplado en el Libro Rojo, en los estatutos, y en la consulta a las bases del partido.<\/p>\n\n\n\n<p>\u201cPor eso estas asambleas, 47 mil 560 asambleas en todo el territorio nacional, el s\u00e1bado 15, a las dos de la tarde. Preparados, y debo recordar de manera bien firme: la l\u00ednea es que no hay l\u00ednea\u201d, afirm\u00f3.<\/p>\n\n\n\n<p>Advirti\u00f3 que la postulaci\u00f3n es libre de apremio, libre de presi\u00f3n y de cualquier forma de intencionalidad para favorecer a alguien en particular. \u201cNo le coma coba a nadie, la postulaci\u00f3n es de manera libre y sin presi\u00f3n. \u00a1Sin presi\u00f3n!\u201d, recalc\u00f3.<br><strong><em>ET \/ VTV<\/em><\/strong><\/p>\n\n\n\n<p><\/p>\n","protected":false},"excerpt":{"rendered":"<p>ENTRE TORMENTAS. El secretario general del Partido Socialista Unido de Venezuela (PSUV), Diosdado Cabello, confirm\u00f3&#8230;<\/p>\n","protected":false},"author":2,"featured_media":14107,"comment_status":"closed","ping_status":"open","sticky":false,"template":"","format":"standard","meta":{"footnotes":""},"categories":[56,49],"tags":[],"class_list":["post-14106","post","type-post","status-publish","format-standard","has-post-thumbnail","hentry","category-destacadas","category-nacionales"],"_links":{"self":[{"href":"https:\/\/entretormentas.com\/index.php?rest_route=\/wp\/v2\/posts\/14106","targetHints":{"allow":["GET"]}}],"collection":[{"href":"https:\/\/entretormentas.com\/index.php?rest_route=\/wp\/v2\/posts"}],"about":[{"href":"https:\/\/entretormentas.com\/index.php?rest_route=\/wp\/v2\/types\/post"}],"author":[{"embeddable":true,"href":"https:\/\/entretormentas.com\/index.php?rest_route=\/wp\/v2\/users\/2"}],"replies":[{"embeddable":true,"href":"https:\/\/entretormentas.com\/index.php?rest_route=%2Fwp%2Fv2%2Fcomments&post=14106"}],"version-history":[{"count":1,"href":"https:\/\/entretormentas.com\/index.php?rest_route=\/wp\/v2\/posts\/14106\/revisions"}],"predecessor-version":[{"id":14108,"href":"https:\/\/entretormentas.com\/index.php?rest_route=\/wp\/v2\/posts\/14106\/revisions\/14108"}],"wp:featuredmedia":[{"embeddable":true,"href":"https:\/\/entretormentas.com\/index.php?rest_route=\/wp\/v2\/media\/14107"}],"wp:attachment":[{"href":"https:\/\/entretormentas.com\/index.php?rest_route=%2Fwp%2Fv2%2Fmedia&parent=14106"}],"wp:term":[{"taxonomy":"category","embeddable":true,"href":"https:\/\/entretormentas.com\/index.php?rest_route=%2Fwp%2Fv2%2Fcategories&post=14106"},{"taxonomy":"post_tag","embeddable":true,"href":"https:\/\/entretormentas.com\/index.php?rest_route=%2Fwp%2Fv2%2Ftags&post=14106"}],"curies":[{"name":"wp","href":"https:\/\/api.w.org\/{rel}","templated":true}]}}