{"id":14109,"date":"2025-03-12T09:36:17","date_gmt":"2025-03-12T08:36:17","guid":{"rendered":"https:\/\/entretormentas.com\/?p=14109"},"modified":"2025-03-12T09:36:17","modified_gmt":"2025-03-12T08:36:17","slug":"partido-comunista-empleados-venezolanos-sufren-condiciones-de-necesidad-extrema","status":"publish","type":"post","link":"https:\/\/entretormentas.com\/partido-comunista-empleados-venezolanos-sufren-condiciones-de-necesidad-extrema\/","title":{"rendered":"PARTIDO COMUNISTA: Empleados venezolanos sufren condiciones de necesidad extrema"},"content":{"rendered":"\n<p><strong>ENTRE TORMENTAS.<\/strong> El Partido Comunista de Venezuela (PCV) denunci\u00f3 este martes que los trabajadores del pa\u00eds viven en \u00abcondiciones de necesidad extrema\u00bb, de lo que responsabiliz\u00f3 a la Administraci\u00f3n de Nicol\u00e1s Maduro, que -advirti\u00f3- mantiene congelado el salario m\u00ednimo -referencia para el resto de remuneraciones en el sector p\u00fablico- desde hace tres a\u00f1os.<\/p>\n\n\n\n<p>El partido record\u00f3 que, en marzo de 2022, Maduro aument\u00f3 el salario m\u00ednimo a 130 bol\u00edvares al mes, que entonces equival\u00eda a 30 d\u00f3lares, con vistas a una \u00abprogresiva recuperaci\u00f3n\u00bb de los ingresos laborales, detalla EFE.<\/p>\n\n\n\n<p>Sin embargo, tres a\u00f1os despu\u00e9s, el salario permanece congelado, afirm\u00f3 el PCV, y hoy ese mismo monto equivale a 1,98 d\u00f3lares mensuales, a tasa oficial, cuando una persona necesita unos 100 d\u00f3lares al mes para gastos b\u00e1sicos de alimentaci\u00f3n, seg\u00fan estimaciones independientes.<\/p>\n\n\n\n<p>Yul Jabour, miembro del PCV, expres\u00f3, citado en la nota, que la \u00abpol\u00edtica salarial de Maduro\u00bb genera \u00abdesesperanza y preocupaci\u00f3n\u00bb y \u00abha llevado a las familias trabajadoras a condiciones de necesidad extrema\u00bb.<\/p>\n\n\n\n<p>A su juicio, la \u00abpol\u00edtica de destrucci\u00f3n del salario y desmontaje de derechos laborales ha obligado a miles de venezolanos a irse del pa\u00eds\u00bb.<\/p>\n\n\n\n<p>El comunista tach\u00f3 de \u00abindolente\u00bb a la Administraci\u00f3n de Maduro -quien jur\u00f3 en enero para un tercer mandato tras su cuestionada reelecci\u00f3n el a\u00f1o pasado-, debido a que, adem\u00e1s, \u00abel Gobierno no plantea una soluci\u00f3n factible\u00bb.<br><strong><em>ET \/ Agencias<\/em><\/strong><\/p>\n\n\n\n<p><\/p>\n","protected":false},"excerpt":{"rendered":"<p>ENTRE TORMENTAS. El Partido Comunista de Venezuela (PCV) denunci\u00f3 este martes que los trabajadores del&#8230;<\/p>\n","protected":false},"author":2,"featured_media":14110,"comment_status":"closed","ping_status":"open","sticky":false,"template":"","format":"standard","meta":{"footnotes":""},"categories":[56,49],"tags":[],"class_list":["post-14109","post","type-post","status-publish","format-standard","has-post-thumbnail","hentry","category-destacadas","category-nacionales"],"_links":{"self":[{"href":"https:\/\/entretormentas.com\/index.php?rest_route=\/wp\/v2\/posts\/14109","targetHints":{"allow":["GET"]}}],"collection":[{"href":"https:\/\/entretormentas.com\/index.php?rest_route=\/wp\/v2\/posts"}],"about":[{"href":"https:\/\/entretormentas.com\/index.php?rest_route=\/wp\/v2\/types\/post"}],"author":[{"embeddable":true,"href":"https:\/\/entretormentas.com\/index.php?rest_route=\/wp\/v2\/users\/2"}],"replies":[{"embeddable":true,"href":"https:\/\/entretormentas.com\/index.php?rest_route=%2Fwp%2Fv2%2Fcomments&post=14109"}],"version-history":[{"count":1,"href":"https:\/\/entretormentas.com\/index.php?rest_route=\/wp\/v2\/posts\/14109\/revisions"}],"predecessor-version":[{"id":14111,"href":"https:\/\/entretormentas.com\/index.php?rest_route=\/wp\/v2\/posts\/14109\/revisions\/14111"}],"wp:featuredmedia":[{"embeddable":true,"href":"https:\/\/entretormentas.com\/index.php?rest_route=\/wp\/v2\/media\/14110"}],"wp:attachment":[{"href":"https:\/\/entretormentas.com\/index.php?rest_route=%2Fwp%2Fv2%2Fmedia&parent=14109"}],"wp:term":[{"taxonomy":"category","embeddable":true,"href":"https:\/\/entretormentas.com\/index.php?rest_route=%2Fwp%2Fv2%2Fcategories&post=14109"},{"taxonomy":"post_tag","embeddable":true,"href":"https:\/\/entretormentas.com\/index.php?rest_route=%2Fwp%2Fv2%2Ftags&post=14109"}],"curies":[{"name":"wp","href":"https:\/\/api.w.org\/{rel}","templated":true}]}}