{"id":14134,"date":"2025-03-13T09:25:42","date_gmt":"2025-03-13T08:25:42","guid":{"rendered":"https:\/\/entretormentas.com\/?p=14134"},"modified":"2025-03-13T09:25:42","modified_gmt":"2025-03-13T08:25:42","slug":"por-llamar-a-votar-ad-expulsa-al-secretario-general-del-municipio-san-francisco-jose-javier-martinez","status":"publish","type":"post","link":"https:\/\/entretormentas.com\/por-llamar-a-votar-ad-expulsa-al-secretario-general-del-municipio-san-francisco-jose-javier-martinez\/","title":{"rendered":"\u00a1POR LLAMAR A VOTAR! AD expulsa al secretario general del municipio San Francisco Jos\u00e9 Javier Mart\u00ednez"},"content":{"rendered":"\n<p><strong>ENTRE TORMENTAS.<\/strong> La Direcci\u00f3n Seccional del partido Acci\u00f3n Democr\u00e1tica en Resistencia, en el estado Zulia, aprob\u00f3 expulsar de sus filas al Secretario General y Concejal del municipio San Francisco Jos\u00e9 Javier Mart\u00ednez.<\/p>\n\n\n\n<p>Esta decisi\u00f3n \u00abest\u00e1 plenamente fundamentada, por contravenir directrices emanadas del Comit\u00e9 Ejecutivo Nacional de AD en Resistencia, liderado por el compa\u00f1ero Henry Ramos Allup en cuanto a la decisi\u00f3n de nuestro partido de no participar en las elecciones de Gobernadores, Diputados a la Asamblea Nacional y Consejos Legislativos de los estados hecha p\u00fablica en comunicado emitido el d\u00eda 23 de febrero del 2025\u00bb.<\/p>\n\n\n\n<p>En dicho comunicado, el Comit\u00e9 Ejecutivo Nacional del partido dio a conocer que, para tomar esa decisi\u00f3n de no participaci\u00f3n en las elecciones de mayo, se consult\u00f3 a la dirigencia de todo el pa\u00eds para que operara el mecanismo democr\u00e1tico. Participaron mil 129 parroquias, 332 municipios y las 25 seccionales pol\u00edticas de AD en resistencia. All\u00ed, se determin\u00f3 que \u00abno existen ni las garant\u00edas ni los mecanismos id\u00f3neos para concurrir a estos comicios\u00bb.<\/p>\n\n\n\n<p>\u00abEl desconocimiento a la voluntad ciudadana del resultado contundente del 28-J, la opacidad del registro electoral, la convocatoria contra los lapsos establecidos en la ley, la existencia de presos pol\u00edticos, las inhabilitaciones de candidatos y partidos, la persecuci\u00f3n contra activistas que participan en las campa\u00f1as, la confiscaci\u00f3n de tarjetas de partidos a trav\u00e9s de decisiones judiciales y administrativas, entre muchas otras circunstancias, fueron razones aducidas por los compa\u00f1eros consultados en los que sustentan su decisi\u00f3n para no participar\u00bb, dijeron.<\/p>\n\n\n\n<figure class=\"wp-block-image size-full\"><img fetchpriority=\"high\" decoding=\"async\" width=\"677\" height=\"374\" src=\"https:\/\/entretormentas.com\/wp-content\/uploads\/2025\/03\/image-224.png\" alt=\"\" class=\"wp-image-14136\" srcset=\"https:\/\/entretormentas.com\/wp-content\/uploads\/2025\/03\/image-224.png 677w, https:\/\/entretormentas.com\/wp-content\/uploads\/2025\/03\/image-224-300x166.png 300w\" sizes=\"(max-width: 677px) 100vw, 677px\" \/><\/figure>\n\n\n\n<p>Los resultados de esta consulta fueron contundentes en cuanto a que nuestro partido no debe participar y as\u00ed debe ser acatado por nuestros militantes y dirigentes.<\/p>\n\n\n\n<p>Javier Mart\u00ednez, quien funge actualmente como secretario general de acci\u00f3n democr\u00e1tica en dicho municipio, en la sesi\u00f3n del Clez en conmemoraci\u00f3n al d\u00eda de la juventud, \u00absiendo el orador de orden actu\u00f3 con premeditaci\u00f3n y alevos\u00eda, tanto en su discurso como en posteriores declaraciones a los medios de comunicaci\u00f3n, desconociendo la decisi\u00f3n del comit\u00e9 ejecutivo nacional del partido anunciando que participar\u00eda en el cuestionado proceso electoral y fue capaz de afirmar que no ten\u00eda temor de ser expulsado del partido por la posici\u00f3n asumida en contravenci\u00f3n a la decisi\u00f3n de no participar\u00bb.<\/p>\n\n\n\n<p>Este acto de indisciplina no pod\u00eda tener otra respuesta que la decisi\u00f3n tomada este 11 de marzo 2025 por la mayor\u00eda calificada del CES de AD- Zulia de expulsar de las filas del partido al precitado Concejal y, en consecuencia, de su cargo de Secretario General de AD en Resistencia en el Municipio San Francisco.<\/p>\n\n\n\n<p>Ante todas estas evidencias que comprometen la disciplina y sentido de pertenencia a la organizaci\u00f3n pol\u00edtica que lo postul\u00f3 y le permiti\u00f3 obtener un importante cargo de representaci\u00f3n popular, refuerzan la decisi\u00f3n de separar de las filas de AD en resistencia al Concejal Jos\u00e9 Javier Mart\u00ednez.<br><strong><em>ET \/ Nota de Prensa<\/em><\/strong><\/p>\n\n\n\n<p><\/p>\n","protected":false},"excerpt":{"rendered":"<p>ENTRE TORMENTAS. La Direcci\u00f3n Seccional del partido Acci\u00f3n Democr\u00e1tica en Resistencia, en el estado Zulia,&#8230;<\/p>\n","protected":false},"author":2,"featured_media":14135,"comment_status":"closed","ping_status":"open","sticky":false,"template":"","format":"standard","meta":{"footnotes":""},"categories":[56,49],"tags":[],"class_list":["post-14134","post","type-post","status-publish","format-standard","has-post-thumbnail","hentry","category-destacadas","category-nacionales"],"_links":{"self":[{"href":"https:\/\/entretormentas.com\/index.php?rest_route=\/wp\/v2\/posts\/14134","targetHints":{"allow":["GET"]}}],"collection":[{"href":"https:\/\/entretormentas.com\/index.php?rest_route=\/wp\/v2\/posts"}],"about":[{"href":"https:\/\/entretormentas.com\/index.php?rest_route=\/wp\/v2\/types\/post"}],"author":[{"embeddable":true,"href":"https:\/\/entretormentas.com\/index.php?rest_route=\/wp\/v2\/users\/2"}],"replies":[{"embeddable":true,"href":"https:\/\/entretormentas.com\/index.php?rest_route=%2Fwp%2Fv2%2Fcomments&post=14134"}],"version-history":[{"count":1,"href":"https:\/\/entretormentas.com\/index.php?rest_route=\/wp\/v2\/posts\/14134\/revisions"}],"predecessor-version":[{"id":14137,"href":"https:\/\/entretormentas.com\/index.php?rest_route=\/wp\/v2\/posts\/14134\/revisions\/14137"}],"wp:featuredmedia":[{"embeddable":true,"href":"https:\/\/entretormentas.com\/index.php?rest_route=\/wp\/v2\/media\/14135"}],"wp:attachment":[{"href":"https:\/\/entretormentas.com\/index.php?rest_route=%2Fwp%2Fv2%2Fmedia&parent=14134"}],"wp:term":[{"taxonomy":"category","embeddable":true,"href":"https:\/\/entretormentas.com\/index.php?rest_route=%2Fwp%2Fv2%2Fcategories&post=14134"},{"taxonomy":"post_tag","embeddable":true,"href":"https:\/\/entretormentas.com\/index.php?rest_route=%2Fwp%2Fv2%2Ftags&post=14134"}],"curies":[{"name":"wp","href":"https:\/\/api.w.org\/{rel}","templated":true}]}}