{"id":14138,"date":"2025-03-13T09:29:26","date_gmt":"2025-03-13T08:29:26","guid":{"rendered":"https:\/\/entretormentas.com\/?p=14138"},"modified":"2025-03-13T09:29:27","modified_gmt":"2025-03-13T08:29:27","slug":"apoyo-gubernamental-rosales-da-inicio-al-programa-jovenes-inventores-para-convertir-ideas-en-proyectos","status":"publish","type":"post","link":"https:\/\/entretormentas.com\/apoyo-gubernamental-rosales-da-inicio-al-programa-jovenes-inventores-para-convertir-ideas-en-proyectos\/","title":{"rendered":"\u00a1APOYO GUBERNAMENTAL! Rosales da inicio al Programa \u2018J\u00f3venes Inventores\u2019 para convertir ideas en proyectos"},"content":{"rendered":"\n<p><strong>ENTRE TORMENTAS. <\/strong>Este mi\u00e9rcoles, 12 de marzo, el Gobernador del Zulia, Manuel Rosales Guerrero, desde el sal\u00f3n Catatumbo de la Biblioteca P\u00fablica \u00abMar\u00eda Calca\u00f1o\u00bb, realiz\u00f3 el lanzamiento del Programa \u2018J\u00f3venes Inventores\u2019, dise\u00f1ado para fomentar la creatividad y el emprendimiento en la juventud desde los 16 hasta los 30 a\u00f1os, con el objetivo de convertir sus ideas innovadoras en proyectos concretos.<\/p>\n\n\n\n<p>Al dirigirse a los j\u00f3venes que llenaron el sal\u00f3n Catatumbo, Rosales destac\u00f3 como los primeros inventos de la humanidad, desde la rueda en el 3.500 a.C. y las herramientas de piedra hasta la domesticaci\u00f3n del fuego, transformaron nuestra forma de vida al facilitar el transporte, la caza y la alimentaci\u00f3n; adem\u00e1s, subray\u00f3 la importancia de la escritura, que emergi\u00f3 en Mesopotamia alrededor del 3.200 a.C. como clave para la comunicaci\u00f3n y la preservaci\u00f3n del conocimiento, enfatizando que muchos inventos han surgido de accidentes o la b\u00fasqueda de soluciones a problemas cotidianos.<br>&nbsp;<br>Rosales puntualiz\u00f3 en su discurso que en un mundo en constante cambio, donde los desaf\u00edos son cada vez m\u00e1s complejos, es fundamental que nuestros j\u00f3venes tengan la oportunidad de convertir sus ideas en realidades. \u00abHoy, por primera vez en Venezuela, se crea un Programa en tecnolog\u00eda, salud, medio ambiente, infraestructura y educaci\u00f3n para j\u00f3venes inventores\u00bb.<\/p>\n\n\n\n<figure class=\"wp-block-image size-large\"><img fetchpriority=\"high\" decoding=\"async\" width=\"1024\" height=\"682\" src=\"https:\/\/entretormentas.com\/wp-content\/uploads\/2025\/03\/image-225-1024x682.png\" alt=\"\" class=\"wp-image-14139\" srcset=\"https:\/\/entretormentas.com\/wp-content\/uploads\/2025\/03\/image-225-1024x682.png 1024w, https:\/\/entretormentas.com\/wp-content\/uploads\/2025\/03\/image-225-300x200.png 300w, https:\/\/entretormentas.com\/wp-content\/uploads\/2025\/03\/image-225-768x512.png 768w, https:\/\/entretormentas.com\/wp-content\/uploads\/2025\/03\/image-225-1536x1024.png 1536w, https:\/\/entretormentas.com\/wp-content\/uploads\/2025\/03\/image-225-2048x1365.png 2048w\" sizes=\"(max-width: 1024px) 100vw, 1024px\" \/><\/figure>\n\n\n\n<p>Y explic\u00f3: \u00abEl Programa \u2018J\u00f3venes Inventores\u2019 est\u00e1 dise\u00f1ado para inspirar a j\u00f3venes de 16 a 30 a\u00f1os a desarrollar proyectos concretos que, no solo reflejen su pasi\u00f3n, sino que tambi\u00e9n contribuyan al bienestar de nuestra sociedad. Estos 221 j\u00f3venes que hoy inician este camino ser\u00e1n los pioneros de grandes proyectos que, con orgullo zuliano, pondremos a disposici\u00f3n del mundo. Cada uno de ellos representa una chispa de creatividad que, con la orientaci\u00f3n adecuada, puede encender un fuego de transformaci\u00f3n en nuestra sociedad\u00bb.<\/p>\n\n\n\n<p>El Gobernador del Zulia dijo que esta es la tierra que vio nacer a Humberto Fern\u00e1ndez Mor\u00e1n, uno de los grandes innovadores de la ciencia en el siglo XX, con su bistur\u00ed de diamante y su desarrollo del microscopio electr\u00f3nico. As\u00ed como Hector Rojas, cuyo trabajo en la NASA fue fundamental para el \u00e9xito de la misi\u00f3n Apolo 11 que llev\u00f3 al hombre a la Luna.<br>&nbsp;<br>Aprovech\u00f3 la ocasi\u00f3n para reconocer y agradecer a las Universidades \u00abRafael Belloso Chac\u00edn\u00bb, \u00abJos\u00e9 Gregorio Hern\u00e1ndez\u00bb, LUZ y al Instituto Universitario de San Francisco por acompa\u00f1arle en esta hist\u00f3rica iniciativa. \u00abA los familiares de estos 221 innovadores, porque les proporcionan el aliciente necesario para esta creativa ruta al desarrollo\u00bb.<br>&nbsp;<br>Afirm\u00f3 que &nbsp;hoy es un d\u00eda para seguir pensando en grande. \u00abUn d\u00eda para so\u00f1ar sin l\u00edmites. Un d\u00eda que nos inspira a seguir luchando por el Zulia. Es el mensaje que compartimos con los universitarios de las becas JEL, Ingenio y futuro, del Programa Francisco Ochoa, de Saber y Emprender y tantos otros que identifican a esta gesti\u00f3n de gobierno\u00bb.<\/p>\n\n\n\n<p>Y sentenci\u00f3: \u00abHoy podemos decir con la frente en alto que el Zulia se levant\u00f3 para siempre. Que el Zulia va indetenible hacia el sitial que nunca debi\u00f3 perder. Puedo decirles que con nuestros j\u00f3venes inventores, que se suman a la estrategia educativa, cultural, social y econ\u00f3mica, que estamos desarrollando, el Zulia se empina a la prosperidad\u00bb.<br>&nbsp;<br>Rosales recalc\u00f3 que \u00e9l y su equipo de Gobierno sigue pensando en grande. \u00abLo que hacemos nosotros, y eso incluye a nuestros j\u00f3venes, ser\u00e1 decisivo para el futuro de nuestra tierra. Recuerden siempre que son portadores de la hidalgu\u00eda y el orgullo zuliano. Recuerden que son hijos de la tierra de las genialidades\u00bb.<\/p>\n\n\n\n<figure class=\"wp-block-image size-large\"><img decoding=\"async\" width=\"1024\" height=\"683\" src=\"https:\/\/entretormentas.com\/wp-content\/uploads\/2025\/03\/image-227-1024x683.png\" alt=\"\" class=\"wp-image-14141\" srcset=\"https:\/\/entretormentas.com\/wp-content\/uploads\/2025\/03\/image-227-1024x683.png 1024w, https:\/\/entretormentas.com\/wp-content\/uploads\/2025\/03\/image-227-300x200.png 300w, https:\/\/entretormentas.com\/wp-content\/uploads\/2025\/03\/image-227-768x512.png 768w, https:\/\/entretormentas.com\/wp-content\/uploads\/2025\/03\/image-227-1536x1024.png 1536w, https:\/\/entretormentas.com\/wp-content\/uploads\/2025\/03\/image-227-2048x1365.png 2048w\" sizes=\"(max-width: 1024px) 100vw, 1024px\" \/><\/figure>\n\n\n\n<p>\u2018J\u00f3venes Inventores\u2019 seguir\u00e1 creciendo, y apunta a aumentar en al menos un 50 por ciento la cantidad de beneficiarios en la pr\u00f3xima edici\u00f3n. \u201cSe convertir\u00e1 en \u2018Zulianos Inventores\u2019 porque el Zulia se empina a diario hacia la prosperidad y el desarrollo, y eso no tiene edad\u201d, asever\u00f3 el Mandatario, y agreg\u00f3: \u201ccada gran invento comienza con una idea peque\u00f1a, pero con el potencial y la decisi\u00f3n de cambiar, esa idea puede terminar cambiando el mundo\u201d.<\/p>\n\n\n\n<p>Cabe resaltar que el Programa \u2018J\u00f3venes Inventores\u2019 busca capacitar a los participantes en \u00e1reas clave para el desarrollo de proyectos innovadores, brind\u00e1ndoles no solo los conocimientos te\u00f3ricos, sino tambi\u00e9n las herramientas pr\u00e1cticas y el apoyo necesario para llevar a cabo sus ideas en cualquiera de las cinco categor\u00edas ofrecidas: tecnolog\u00eda, salud, medio ambiente, infraestructura y educaci\u00f3n.<\/p>\n\n\n\n<p>Al finalizar el Programa, todos los participantes recibir\u00e1n un certificado acreditado como desarrolladores de proyectos innovadores, lo que les permitir\u00e1 validar sus competencias y mejorar sus posibilidades en el mundo laboral o emprendedor.<br><strong><em>ET \/ Nota de Prensa<\/em><\/strong><\/p>\n\n\n\n<p><\/p>\n","protected":false},"excerpt":{"rendered":"<p>ENTRE TORMENTAS. Este mi\u00e9rcoles, 12 de marzo, el Gobernador del Zulia, Manuel Rosales Guerrero, desde&#8230;<\/p>\n","protected":false},"author":2,"featured_media":14140,"comment_status":"closed","ping_status":"open","sticky":false,"template":"","format":"standard","meta":{"footnotes":""},"categories":[56,1],"tags":[],"class_list":["post-14138","post","type-post","status-publish","format-standard","has-post-thumbnail","hentry","category-destacadas","category-regionales"],"_links":{"self":[{"href":"https:\/\/entretormentas.com\/index.php?rest_route=\/wp\/v2\/posts\/14138","targetHints":{"allow":["GET"]}}],"collection":[{"href":"https:\/\/entretormentas.com\/index.php?rest_route=\/wp\/v2\/posts"}],"about":[{"href":"https:\/\/entretormentas.com\/index.php?rest_route=\/wp\/v2\/types\/post"}],"author":[{"embeddable":true,"href":"https:\/\/entretormentas.com\/index.php?rest_route=\/wp\/v2\/users\/2"}],"replies":[{"embeddable":true,"href":"https:\/\/entretormentas.com\/index.php?rest_route=%2Fwp%2Fv2%2Fcomments&post=14138"}],"version-history":[{"count":1,"href":"https:\/\/entretormentas.com\/index.php?rest_route=\/wp\/v2\/posts\/14138\/revisions"}],"predecessor-version":[{"id":14142,"href":"https:\/\/entretormentas.com\/index.php?rest_route=\/wp\/v2\/posts\/14138\/revisions\/14142"}],"wp:featuredmedia":[{"embeddable":true,"href":"https:\/\/entretormentas.com\/index.php?rest_route=\/wp\/v2\/media\/14140"}],"wp:attachment":[{"href":"https:\/\/entretormentas.com\/index.php?rest_route=%2Fwp%2Fv2%2Fmedia&parent=14138"}],"wp:term":[{"taxonomy":"category","embeddable":true,"href":"https:\/\/entretormentas.com\/index.php?rest_route=%2Fwp%2Fv2%2Fcategories&post=14138"},{"taxonomy":"post_tag","embeddable":true,"href":"https:\/\/entretormentas.com\/index.php?rest_route=%2Fwp%2Fv2%2Ftags&post=14138"}],"curies":[{"name":"wp","href":"https:\/\/api.w.org\/{rel}","templated":true}]}}