{"id":14143,"date":"2025-03-13T09:39:05","date_gmt":"2025-03-13T08:39:05","guid":{"rendered":"https:\/\/entretormentas.com\/?p=14143"},"modified":"2025-03-13T09:39:07","modified_gmt":"2025-03-13T08:39:07","slug":"listos-los-comecandelas-gaiteros-del-zulia-presenta-su-plantilla-para-la-temporada-2025-de-la-spb","status":"publish","type":"post","link":"https:\/\/entretormentas.com\/listos-los-comecandelas-gaiteros-del-zulia-presenta-su-plantilla-para-la-temporada-2025-de-la-spb\/","title":{"rendered":"\u00a1LISTOS LOS COMECANDELAS! Gaiteros del Zulia presenta su. plantilla para la temporada 2025 de la SPB"},"content":{"rendered":"\n<p><strong>ENTRE TORMENTAS.<\/strong> Con la convicci\u00f3n de revivir los grandes momentos de gloria de otrora, la directiva de los Gaiteros del Zulia present\u00f3 present\u00f3 su renovada plantilla de jugadores y cuerpo t\u00e9cnico con miras a la temporada 2025 de la S\u00faper Liga Profesional de Baloncesto (SPB) que arranca este viernes de marzo.<\/p>\n\n\n\n<figure class=\"wp-block-image size-large\"><img fetchpriority=\"high\" decoding=\"async\" width=\"1024\" height=\"449\" src=\"https:\/\/entretormentas.com\/wp-content\/uploads\/2025\/03\/image-229-1024x449.png\" alt=\"\" class=\"wp-image-14145\" srcset=\"https:\/\/entretormentas.com\/wp-content\/uploads\/2025\/03\/image-229-1024x449.png 1024w, https:\/\/entretormentas.com\/wp-content\/uploads\/2025\/03\/image-229-300x132.png 300w, https:\/\/entretormentas.com\/wp-content\/uploads\/2025\/03\/image-229-768x337.png 768w, https:\/\/entretormentas.com\/wp-content\/uploads\/2025\/03\/image-229.png 1080w\" sizes=\"(max-width: 1024px) 100vw, 1024px\" \/><\/figure>\n\n\n\n<p>En las instalaciones de Fiorella Supermarket de Delicias, el cuadro \u00abComecandela\u00bb mostr\u00f3 su renovado rostro derivado de cambios importantes durante la temporada muerta y gracias a la fusi\u00f3n con el equipo H\u00e9roes de Falc\u00f3n, que forma parte de una alianza estrat\u00e9gica que pronostica grandes momentos para la fanaticada zuliana que sigue expectante y sedienta de triunfos.<\/p>\n\n\n\n<p>El presidente del conjunto aurinegro, Omar Barrios, destac\u00f3 que la afici\u00f3n zuliana contar\u00e1 dentro de poco con aire acondicionado para el disfrute del juego en los espacios del Pedro El\u00edas Belisario Aponte (PEBA). Barriod recalc\u00f3 que ma renovaci\u00f3n espera contar con el \u00abrespaldo del jugador n\u00famero seis, como lo es la fanaticada\u00bb.<\/p>\n\n\n\n<figure class=\"wp-block-image size-large\"><img decoding=\"async\" width=\"1024\" height=\"768\" src=\"https:\/\/entretormentas.com\/wp-content\/uploads\/2025\/03\/image-233-1024x768.png\" alt=\"\" class=\"wp-image-14149\" srcset=\"https:\/\/entretormentas.com\/wp-content\/uploads\/2025\/03\/image-233-1024x768.png 1024w, https:\/\/entretormentas.com\/wp-content\/uploads\/2025\/03\/image-233-300x225.png 300w, https:\/\/entretormentas.com\/wp-content\/uploads\/2025\/03\/image-233-768x576.png 768w, https:\/\/entretormentas.com\/wp-content\/uploads\/2025\/03\/image-233-1536x1152.png 1536w, https:\/\/entretormentas.com\/wp-content\/uploads\/2025\/03\/image-233-2048x1536.png 2048w\" sizes=\"(max-width: 1024px) 100vw, 1024px\" \/><\/figure>\n\n\n\n<p><strong>REPITE JULIO DUQUELA<\/strong><br>El equipo musical contar\u00e1 con la direcci\u00f3n t\u00e9cnica del dominicano Julio Duquela, quien el a\u00f1o pasado asumi\u00f3 este rol a mitad de temporada, pero que en esta oportunidad asume desde el principio. Julio, hijo de la gloria del baloncesto Osiris Duquela, expres\u00f3 que se ha estructurado un equipo competitivo y ganador para lograr la clasificaci\u00f3n a la postemporada.<\/p>\n\n\n\n<p>\u00abEs un honor tomar las riendas Gaiteros nuevamente, adem\u00e1s siento un gran orgullo de representar el equipo en el que estuvo su padre hace a\u00f1os atr\u00e1s\u00bb.<\/p>\n\n\n\n<p>Por su parte, Juan Arauz, director general de Gaiteros, inform\u00f3 que este a\u00f1o se han logrado importantes alianzas con diversas empresas, entre ellas la plataforma Cachea para que el fan\u00e1tico pueda adquirir entradas de manera f\u00e1cil y c\u00f3moda de pagar. Adem\u00e1s de servicio de traslado hasta y desde el PEBA, resaltando que los espacios del PEBA han recibido el correcto mantenimiento para brindar el mejor espect\u00e1culo.<\/p>\n\n\n\n<figure class=\"wp-block-image size-full\"><img decoding=\"async\" width=\"259\" height=\"194\" src=\"https:\/\/entretormentas.com\/wp-content\/uploads\/2025\/03\/image-231.png\" alt=\"\" class=\"wp-image-14147\"\/><\/figure>\n\n\n\n<p><strong>PLANTILLA FURRERA<br>Bases\/escoltas<\/strong><br>Jos\u00e9 Carlos Gonz\u00e1lez, Derek St. Hilaire, Luis \u201cTapipa\u201d Duarte, Emilio Capare, Maximillion Bell, Jos\u00e9 Gerardo Rodr\u00edguez (J), Gerardo Jos\u00e9 Rodr\u00edguez (J).<\/p>\n\n\n\n<p><strong>Aleros:<\/strong><br>Michael Warren, Rub\u00e9n Gonz\u00e1lez, Nahziah Carter, Luis Germany, Rafael Ocando (J).<\/p>\n\n\n\n<p><strong>Ala-P\u00edvots\/ P\u00edvots:<\/strong><br>Jes\u00fas Mart\u00ednez, Kelvin Caraballo, Miguel Sim\u00f3n, Yanitson Quintero, Orlando Castro (J), Gabriel Estrella (J).<\/p>\n\n\n\n<p>Los \u00abComecandela\u00bb arrancar\u00e1n la nueva temporada este viernes 14 de marzo, recibiendo en su casa a los Toros de Aragua. El pitazo inicial y el salto entre dos se dar\u00e1 a las 7.00 pm.<br><strong><em>ET \/ Gabriel Sthormes<\/em><\/strong><\/p>\n\n\n\n<p><\/p>\n","protected":false},"excerpt":{"rendered":"<p>ENTRE TORMENTAS. Con la convicci\u00f3n de revivir los grandes momentos de gloria de otrora, la&#8230;<\/p>\n","protected":false},"author":2,"featured_media":14144,"comment_status":"closed","ping_status":"open","sticky":false,"template":"","format":"standard","meta":{"footnotes":""},"categories":[53,56],"tags":[],"class_list":["post-14143","post","type-post","status-publish","format-standard","has-post-thumbnail","hentry","category-deportes","category-destacadas"],"_links":{"self":[{"href":"https:\/\/entretormentas.com\/index.php?rest_route=\/wp\/v2\/posts\/14143","targetHints":{"allow":["GET"]}}],"collection":[{"href":"https:\/\/entretormentas.com\/index.php?rest_route=\/wp\/v2\/posts"}],"about":[{"href":"https:\/\/entretormentas.com\/index.php?rest_route=\/wp\/v2\/types\/post"}],"author":[{"embeddable":true,"href":"https:\/\/entretormentas.com\/index.php?rest_route=\/wp\/v2\/users\/2"}],"replies":[{"embeddable":true,"href":"https:\/\/entretormentas.com\/index.php?rest_route=%2Fwp%2Fv2%2Fcomments&post=14143"}],"version-history":[{"count":1,"href":"https:\/\/entretormentas.com\/index.php?rest_route=\/wp\/v2\/posts\/14143\/revisions"}],"predecessor-version":[{"id":14150,"href":"https:\/\/entretormentas.com\/index.php?rest_route=\/wp\/v2\/posts\/14143\/revisions\/14150"}],"wp:featuredmedia":[{"embeddable":true,"href":"https:\/\/entretormentas.com\/index.php?rest_route=\/wp\/v2\/media\/14144"}],"wp:attachment":[{"href":"https:\/\/entretormentas.com\/index.php?rest_route=%2Fwp%2Fv2%2Fmedia&parent=14143"}],"wp:term":[{"taxonomy":"category","embeddable":true,"href":"https:\/\/entretormentas.com\/index.php?rest_route=%2Fwp%2Fv2%2Fcategories&post=14143"},{"taxonomy":"post_tag","embeddable":true,"href":"https:\/\/entretormentas.com\/index.php?rest_route=%2Fwp%2Fv2%2Ftags&post=14143"}],"curies":[{"name":"wp","href":"https:\/\/api.w.org\/{rel}","templated":true}]}}