{"id":14156,"date":"2025-03-14T02:57:33","date_gmt":"2025-03-14T01:57:33","guid":{"rendered":"https:\/\/entretormentas.com\/?p=14156"},"modified":"2025-03-14T02:57:34","modified_gmt":"2025-03-14T01:57:34","slug":"con-gaita-de-tambora-gobernacion-del-zulia-celebrara-el-dia-de-la-afrozulianidad-en-santa-lucia","status":"publish","type":"post","link":"https:\/\/entretormentas.com\/con-gaita-de-tambora-gobernacion-del-zulia-celebrara-el-dia-de-la-afrozulianidad-en-santa-lucia\/","title":{"rendered":"\u00a1CON GAITA DE TAMBORA! Gobernaci\u00f3n del Zulia celebrar\u00e1 el D\u00eda de la Afrozulianidad en Santa Luc\u00eda"},"content":{"rendered":"\n<p><strong>ENTRE TORMENTAS. <\/strong>Con Gaita de Tambora y gala cultural, la Gobernaci\u00f3n del Zulia a trav\u00e9s de la Secretar\u00eda de Cultura, rendir\u00e1 un merecido homenaje a Juan de Dios Mart\u00ednez, con motivo de la celebraci\u00f3n del D\u00eda de la Afrozulianidad, cada 16 de marzo, fecha que conmemora el natalicio de este m\u00e1ximo exponente cultor popular.<\/p>\n\n\n\n<p>El acto conmemorativo se realizar\u00e1 el s\u00e1bado 15 de marzo, en el boulevard de Santa Luc\u00eda de Maracaibo, a partir de las 6:00 p.m., en presencia de autoridades regionales y municipales.<\/p>\n\n\n\n<p>El gobernador Manuel Rosales Guerrero decret\u00f3 el D\u00eda de la Afrozulianidad en el a\u00f1o 2006. Este d\u00eda se celebra el 16 de marzo para honrar la cultura, la historia y las tradiciones de la regi\u00f3n.<\/p>\n\n\n\n<p>Viviana M\u00e1rquez, secretaria de Cultura, inform\u00f3 que dentro de la programaci\u00f3n especial incluir\u00e1 una Gran Gaita de Tambora en vivo que recorrer\u00e1 las calles de este populoso sector marabino. Adem\u00e1s, contar\u00e1 con una presentaci\u00f3n danc\u00edstica y musical que reunir\u00e1 a 150 artistas en escena conformado por la Escuela Danzas T\u00edpicas del Zulia, la agrupaci\u00f3n Danzas T\u00edpicas Maracaibo, la Escuela de Danzas del Centro Cultural Luis Castillo, la Escuela de Danzas del Instituto P\u00fablico Municipal de Cultura San Francisco \u201cJuan de Dios Mart\u00ednez\u201d y de la Escuela de Danzas del Zulia (Danzulia).<\/p>\n\n\n\n<p>Asimismo, la Secretar\u00eda de Cultura, junto con la Escuela de M\u00fasica Tradicional Popular del Zulia \u201cJuan de Dios Mart\u00ednez\u201d, y el Instituto Municipal de Cultura de San Francisco entregar\u00e1n reconocimientos a cultores y personalidades destacadas, cuyas contribuciones han enriquecido la grandeza, los valores y las tradiciones de la cultura afrozuliana.<\/p>\n\n\n\n<figure class=\"wp-block-image size-large\"><img fetchpriority=\"high\" decoding=\"async\" width=\"1024\" height=\"971\" src=\"https:\/\/entretormentas.com\/wp-content\/uploads\/2025\/03\/image-238-1024x971.png\" alt=\"\" class=\"wp-image-14158\" srcset=\"https:\/\/entretormentas.com\/wp-content\/uploads\/2025\/03\/image-238-1024x971.png 1024w, https:\/\/entretormentas.com\/wp-content\/uploads\/2025\/03\/image-238-300x285.png 300w, https:\/\/entretormentas.com\/wp-content\/uploads\/2025\/03\/image-238-768x728.png 768w, https:\/\/entretormentas.com\/wp-content\/uploads\/2025\/03\/image-238.png 1280w\" sizes=\"(max-width: 1024px) 100vw, 1024px\" \/><\/figure>\n\n\n\n<p>Juan de Dios Mart\u00ednez, naci\u00f3 el 16 de marzo de 1945, en Bobures, Sur del Lago de Maracaibo. Hijo de Pedro Mart\u00ednez y Mar\u00eda Isabel de Jes\u00fas Su\u00e1rez, fue un hombre de principios, un padre ejemplar y un ferviente defensor de las costumbres afrozulianas que dejaron en la transculturaci\u00f3n del estado.<\/p>\n\n\n\n<p>Se destac\u00f3 como investigador, acumulando m\u00e1s de 70 publicaciones y numerosos reconocimientos, incluyendo distinciones de la UNESCO. Fue el creador y defensor del t\u00e9rmino \u201cAfrozulianidad\u201d y fund\u00f3 la Fundaci\u00f3n Aj\u00e9. Escritor y gran maestro en la difusi\u00f3n de las tradiciones de los pueblos del Sur del Lago de Maracaibo y fue devoto a San Benito de Palermo.<\/p>\n\n\n\n<p>Mart\u00ednez es una figura fundamental en la cultura popular afrovenezolana y un referente esencial en la construcci\u00f3n del tejido hist\u00f3rico y cultural de las ra\u00edces afro en el estado Zulia.<br><strong><em>ET \/ Nota de Prensa<\/em><\/strong><\/p>\n\n\n\n<p><\/p>\n","protected":false},"excerpt":{"rendered":"<p>ENTRE TORMENTAS. Con Gaita de Tambora y gala cultural, la Gobernaci\u00f3n del Zulia a trav\u00e9s&#8230;<\/p>\n","protected":false},"author":2,"featured_media":14157,"comment_status":"closed","ping_status":"open","sticky":false,"template":"","format":"standard","meta":{"footnotes":""},"categories":[1],"tags":[],"class_list":["post-14156","post","type-post","status-publish","format-standard","has-post-thumbnail","hentry","category-regionales"],"_links":{"self":[{"href":"https:\/\/entretormentas.com\/index.php?rest_route=\/wp\/v2\/posts\/14156","targetHints":{"allow":["GET"]}}],"collection":[{"href":"https:\/\/entretormentas.com\/index.php?rest_route=\/wp\/v2\/posts"}],"about":[{"href":"https:\/\/entretormentas.com\/index.php?rest_route=\/wp\/v2\/types\/post"}],"author":[{"embeddable":true,"href":"https:\/\/entretormentas.com\/index.php?rest_route=\/wp\/v2\/users\/2"}],"replies":[{"embeddable":true,"href":"https:\/\/entretormentas.com\/index.php?rest_route=%2Fwp%2Fv2%2Fcomments&post=14156"}],"version-history":[{"count":1,"href":"https:\/\/entretormentas.com\/index.php?rest_route=\/wp\/v2\/posts\/14156\/revisions"}],"predecessor-version":[{"id":14159,"href":"https:\/\/entretormentas.com\/index.php?rest_route=\/wp\/v2\/posts\/14156\/revisions\/14159"}],"wp:featuredmedia":[{"embeddable":true,"href":"https:\/\/entretormentas.com\/index.php?rest_route=\/wp\/v2\/media\/14157"}],"wp:attachment":[{"href":"https:\/\/entretormentas.com\/index.php?rest_route=%2Fwp%2Fv2%2Fmedia&parent=14156"}],"wp:term":[{"taxonomy":"category","embeddable":true,"href":"https:\/\/entretormentas.com\/index.php?rest_route=%2Fwp%2Fv2%2Fcategories&post=14156"},{"taxonomy":"post_tag","embeddable":true,"href":"https:\/\/entretormentas.com\/index.php?rest_route=%2Fwp%2Fv2%2Ftags&post=14156"}],"curies":[{"name":"wp","href":"https:\/\/api.w.org\/{rel}","templated":true}]}}