{"id":14163,"date":"2025-03-14T03:10:40","date_gmt":"2025-03-14T02:10:40","guid":{"rendered":"https:\/\/entretormentas.com\/?p=14163"},"modified":"2025-03-14T03:10:41","modified_gmt":"2025-03-14T02:10:41","slug":"exaltando-su-valor-san-francisco-conmemora-a-la-mujer-en-el-1er-congreso-de-liderazgo-violeta","status":"publish","type":"post","link":"https:\/\/entretormentas.com\/exaltando-su-valor-san-francisco-conmemora-a-la-mujer-en-el-1er-congreso-de-liderazgo-violeta\/","title":{"rendered":"\u00a1EXALTANDO SU VALOR! San Francisco conmemora a la mujer en el 1er Congreso de Liderazgo Violeta"},"content":{"rendered":"\n<p><strong>ENTRE TORMENTAS. <\/strong>En honor al D\u00eda Internacional de la Mujer, conmemorado el pasado 8 de marzo, la primera dama de San Francisco, Franciela N\u00fa\u00f1ez de Fern\u00e1ndez, junto con las fundaciones Vida Jur\u00eddica y Damas del Sur (Damasur), celebraron a las mujeres exaltando su valor en el 1er Congreso de Liderazgo Violeta.<\/p>\n\n\n\n<p>Con el lema de \u00abJuntas Somos M\u00e1s Fuertes\u00bb, m\u00e1s de cien mujeres se reunieron en las instalaciones del auditorio Doctor Humberto Fern\u00e1ndez del ayuntamiento sure\u00f1o con el fin de festejar su d\u00eda en un ambiente lleno de alegr\u00eda y empoderamiento femenino, donde se resalt\u00f3 el poder de la sororidad para ser l\u00edderes desde la humanidad.<\/p>\n\n\n\n<figure class=\"wp-block-image size-large\"><img fetchpriority=\"high\" decoding=\"async\" width=\"1024\" height=\"680\" src=\"https:\/\/entretormentas.com\/wp-content\/uploads\/2025\/03\/image-241-1024x680.png\" alt=\"\" class=\"wp-image-14165\" srcset=\"https:\/\/entretormentas.com\/wp-content\/uploads\/2025\/03\/image-241-1024x680.png 1024w, https:\/\/entretormentas.com\/wp-content\/uploads\/2025\/03\/image-241-300x199.png 300w, https:\/\/entretormentas.com\/wp-content\/uploads\/2025\/03\/image-241-768x510.png 768w, https:\/\/entretormentas.com\/wp-content\/uploads\/2025\/03\/image-241.png 1080w\" sizes=\"(max-width: 1024px) 100vw, 1024px\" \/><\/figure>\n\n\n\n<p>\u00abYo s\u00e9 muy bien que el camino no ha sido f\u00e1cil. Hemos tenido que luchar contra la corriente para ocupar espacios sin tener que pedir disculpas y para hablar sin miedo a ser interrumpidas. Que nadie venga a decirnos que no podemos, porque cada una de nosotras es una prueba viva de que s\u00ed se puede. Somos testimonio de que poseemos una fuerza y una determinaci\u00f3n incomparable,\u00bb afirm\u00f3 N\u00fa\u00f1ez de Fern\u00e1ndez, presidente de Damasur.<\/p>\n\n\n\n<p>Esta jornada forma parte del plan estrat\u00e9gico que impulsa el alcalde Gustavo Fern\u00e1ndez en la municipalidad para apoyar, destacar y reconocer el rol que juega la mujer tanto en el desarrollo como en los procesos de cambio del pa\u00eds, se\u00f1al\u00f3 la primera dama, Franciela N\u00fa\u00f1ez.<\/p>\n\n\n\n<p>En este sentido, Diyuly Chourio, presidente de la Fundaci\u00f3n Vida Jur\u00eddica y anfitriona de este congreso, explic\u00f3: \u00abEste liderazgo violeta que deber\u00eda estar en cada una de nosotras, viene a empoderar, a liderar, pero sobre todo a visibilizar a cada una de las mujeres en las diferentes \u00e1reas para que puedan convertirse, desde el respeto y la dignidad humana, en agentes de cambio que trabajan en sororidad\u00bb.<\/p>\n\n\n\n<p><strong>TESTIMONIOS<\/strong><br>Una de las ponentes que comparti\u00f3 su historia fue Yngrit Fuenmayor, directora del Instituto Universitario de San Francisco (IUSF), quien expres\u00f3: \u00abHe crecido afortunada. De ni\u00f1a, siempre so\u00f1\u00e9 con lo que iba a ser, ingeniera en computaci\u00f3n, pero la educaci\u00f3n me atrap\u00f3 y ahora soy docente de coraz\u00f3n, una faceta que me hace sentir plena. Admito que tengo mis luces y mis sombras, pero lo m\u00e1s importante es reconocernos como mujeres y no olvidarnos nunca de nosotras mismas\u00bb.<\/p>\n\n\n\n<p>Adem\u00e1s, Roxana Sarmiento, trabajadora social y promotora de la cultura Wayuu, mencion\u00f3: \u00abLas vidas se pueden transformar de muchas maneras, m\u00e1s all\u00e1 de las ayudas f\u00edsicas. Vamos a ver lo intangible, lo que podemos contribuir desde el ser. El liderazgo comienza desde la formaci\u00f3n en el hogar, desde aquello que podemos transmitir a los dem\u00e1s. Una comunidad que tiene mujeres empoderadas es capaz de alcanzar todo lo que se proponga.\u00bb<\/p>\n\n\n\n<figure class=\"wp-block-image size-large\"><img decoding=\"async\" width=\"1024\" height=\"680\" src=\"https:\/\/entretormentas.com\/wp-content\/uploads\/2025\/03\/image-242-1024x680.png\" alt=\"\" class=\"wp-image-14166\" srcset=\"https:\/\/entretormentas.com\/wp-content\/uploads\/2025\/03\/image-242-1024x680.png 1024w, https:\/\/entretormentas.com\/wp-content\/uploads\/2025\/03\/image-242-300x199.png 300w, https:\/\/entretormentas.com\/wp-content\/uploads\/2025\/03\/image-242-768x510.png 768w, https:\/\/entretormentas.com\/wp-content\/uploads\/2025\/03\/image-242.png 1080w\" sizes=\"(max-width: 1024px) 100vw, 1024px\" \/><\/figure>\n\n\n\n<p>La actividad tambi\u00e9n cont\u00f3 con la presencia de las profesionales Marianela Lobos, mag\u00edster en Ciencias Pol\u00edticas y docente universitaria; as\u00ed como Tatiana Castellanos, especialista en nutrici\u00f3n y activista por los derechos de la mujer en el Zulia. Ambas compartieron desde su experiencia c\u00f3mo han llevado el liderazgo en sus vidas.<\/p>\n\n\n\n<p>Jasneri Gonz\u00e1lez expres\u00f3 su gratitud por ser part\u00edcipe de esta experiencia: \u00abEstoy en un momento de mi vida en que necesitaba escuchar estos testimonios tan inspiradores. Me voy con el coraz\u00f3n lleno de alegr\u00eda y esperanza\u00bb, apunt\u00f3. Por su parte, Migdalys Ortega a\u00f1adi\u00f3: \u00abEsta fue una hermosa ma\u00f1ana de mucho amor y crecimiento personal donde celebramos el privilegio de ser mujer\u00bb, rese\u00f1\u00f3.<\/p>\n\n\n\n<p>Antes de concluir el evento, la primera dama, Franciela N\u00fa\u00f1ez de Fern\u00e1ndez, anunci\u00f3 que extender\u00e1n este tipo de actividades a las siete parroquias de San Francisco: \u00abMis guerreras, sigan so\u00f1ando en grande y luchando por derribar barreras. Nosotros, por nuestro lado, nos esforzaremos por crear m\u00e1s oportunidades que les permitan conquistar sus metas\u00bb, finaliz\u00f3.<br><strong><em>ET \/ Alcald\u00eda de San Francisco<\/em><\/strong><\/p>\n\n\n\n<p><\/p>\n","protected":false},"excerpt":{"rendered":"<p>ENTRE TORMENTAS. En honor al D\u00eda Internacional de la Mujer, conmemorado el pasado 8 de&#8230;<\/p>\n","protected":false},"author":2,"featured_media":14164,"comment_status":"closed","ping_status":"open","sticky":false,"template":"","format":"standard","meta":{"footnotes":""},"categories":[1],"tags":[],"class_list":["post-14163","post","type-post","status-publish","format-standard","has-post-thumbnail","hentry","category-regionales"],"_links":{"self":[{"href":"https:\/\/entretormentas.com\/index.php?rest_route=\/wp\/v2\/posts\/14163","targetHints":{"allow":["GET"]}}],"collection":[{"href":"https:\/\/entretormentas.com\/index.php?rest_route=\/wp\/v2\/posts"}],"about":[{"href":"https:\/\/entretormentas.com\/index.php?rest_route=\/wp\/v2\/types\/post"}],"author":[{"embeddable":true,"href":"https:\/\/entretormentas.com\/index.php?rest_route=\/wp\/v2\/users\/2"}],"replies":[{"embeddable":true,"href":"https:\/\/entretormentas.com\/index.php?rest_route=%2Fwp%2Fv2%2Fcomments&post=14163"}],"version-history":[{"count":1,"href":"https:\/\/entretormentas.com\/index.php?rest_route=\/wp\/v2\/posts\/14163\/revisions"}],"predecessor-version":[{"id":14167,"href":"https:\/\/entretormentas.com\/index.php?rest_route=\/wp\/v2\/posts\/14163\/revisions\/14167"}],"wp:featuredmedia":[{"embeddable":true,"href":"https:\/\/entretormentas.com\/index.php?rest_route=\/wp\/v2\/media\/14164"}],"wp:attachment":[{"href":"https:\/\/entretormentas.com\/index.php?rest_route=%2Fwp%2Fv2%2Fmedia&parent=14163"}],"wp:term":[{"taxonomy":"category","embeddable":true,"href":"https:\/\/entretormentas.com\/index.php?rest_route=%2Fwp%2Fv2%2Fcategories&post=14163"},{"taxonomy":"post_tag","embeddable":true,"href":"https:\/\/entretormentas.com\/index.php?rest_route=%2Fwp%2Fv2%2Ftags&post=14163"}],"curies":[{"name":"wp","href":"https:\/\/api.w.org\/{rel}","templated":true}]}}